{"id":41914,"date":"2019-10-07T23:32:03","date_gmt":"2019-10-07T23:32:03","guid":{"rendered":"http:\/\/diariodominicano.ddns.net\/?p=41914"},"modified":"2019-10-07T23:32:03","modified_gmt":"2019-10-07T23:32:03","slug":"el-vertedero-de-haina","status":"publish","type":"post","link":"https:\/\/diariodominicano.com\/?p=41914","title":{"rendered":"&#13;EL VERTEDERO DE HAINA"},"content":{"rendered":"<p><body><\/p>\n<p>EN PRIMERA FILA<\/p>\n<\/p>\n<p><strong>Mario Rivadulla<\/strong><\/p>\n<\/p>\n<p>Ardiendo desde el mi\u00e9rcoles de la pasada semana, todav\u00eda el incendio en el vertedero de Haina, si bien sofocado en una gran parte, no ha podido ser controlado del todo.<\/p>\n<\/p>\n<p>Decenas de familias han tenido que abandonar sus hogares en las cercan\u00edas del vertedero, debido a la intensidad del humo.  Este tambi\u00e9n ha afectado una gran parte del municipio originando trastornos de salud sobre todo respiratorios.<\/p>\n<\/p>\n<p>Atribuido por el alcalde municipal, Osvaldo Rodr\u00edguez, a manos criminales con el prop\u00f3sito de da\u00f1ar su imagen y su gesti\u00f3n, ahora surge una nueva vertiente de opini\u00f3n.  Es la del director provincial de salud de San Crist\u00f3bal Winston Leonel Matos, quien por su parte responsabiliza al mun\u00edcipe al que reprocha no disponer de un plan de manejo de la basura, ni de tomar medidas de seguridad para protecci\u00f3n de las numerosas familias que habitan a escasa distancia del botadero.<\/p>\n<\/p>\n<p>Rodr\u00edguez, por su parte, al insistir en la versi\u00f3n del incendio intencional, que obviamente deber\u00e1 ser determinado por los t\u00e9cnicos del cuerpo de bomberos, y en caso positivo dar apertura a una investigaci\u00f3n, se queja de la falta de respaldo por parte de Medio Ambiente y Salud P\u00fablica, afirmando que salvo el env\u00edo de dos camiones cisternas por parte del empresario Celso Marranzini, quien posee una industria en la zona, y del apoyo brindado por Obras P\u00fablicas los dos primeros d\u00edas del siniestro, el cabildo ha tenido que enfrentar solo el problema disponiendo de muy escasos recursos.<\/p>\n<\/p>\n<p>El incendio en el vertedero de Haina trae de nuevo a comentario el problema de los fuegos que en distintas ocasiones han afectado otros de los casi cuatrocientos vertederos a cielo abierto que existen y contaminan toda la geograf\u00eda nacional. Tal por citar algunos  casos notorios m\u00e1s notorios en el de Duquesa, en m\u00e1s de una ocasi\u00f3n,  cuya humareda y cenizas se ha extendido por todo el Gran Santo Domingo; el de Puerto Plata; y el de Rafey, en Santiago, hasta que bajo la actual gesti\u00f3n municipal se ha implementado un efectivo sistema de disposici\u00f3n y reciclaje de la basura.<\/p>\n<\/p>\n<p>Pero son otros de menor resonancia, pero de iguales efectos nocivos para sus pobladores,  los que han tenido lugar en muchos de los botaderos de basura, que son permanentes fuentes de contaminaci\u00f3n ambiental y de riesgo de enfermedades sobre todo respiratorias y gastrointestinales. <\/p>\n<\/p>\n<p>El programa Dominicana Limpia anunciado en Palacio con una inversi\u00f3n inicial del orden de 500 millones de pesos y un importante aporte en d\u00f3lares de la Cervecer\u00eda Nacional Dominicana que gener\u00f3 muchas expectativas de saneamiento ambiental, ha estado caminando a paso demasiado lento. <\/p>\n<\/p>\n<p> Los conflictos originados en torno al traslado del vertedero situado a la entrada de Puerto Plata no presentan al parecer perspectivas de soluci\u00f3n en un tiempo razonable, afectando el proceso de recuperaci\u00f3n de ese importante polo tur\u00edstico.  Y la sustituci\u00f3n de Duquesa por un relleno sanitario con todas las de la ley parece que va para largo. De los avances del programa en realidad se conoce muy poco, pero se tiene entendido que son muy escasos.<\/p>\n<\/p>\n<p>Sin dudas el tema del cierre t\u00e9cnico de los botaderos a cielo abierto y su sustituci\u00f3n por un sistema de rellenos sanitarios, complementado por una pol\u00edtica de educaci\u00f3n ciudadana de correcta disposici\u00f3n y clasificaci\u00f3n de la basura, es tema de primer orden como parte de la estrategia a seguir para enfrentar y atenuar los efectos del cambio clim\u00e1tico.  <\/p>\n<\/p>\n<p>Como tal debiera entenderse para la preservaci\u00f3n de la calidad del medio ambiente y la salud p\u00fablica, sin desde\u00f1ar los significativos beneficios econ\u00f3micos que se derivar\u00edan del reciclaje de los residuos s\u00f3lidos, tal como sabia y previsoramente han hecho otros pa\u00edses.<\/p>\n<\/p>\n<\/p>\n<\/p>\n<h6> 2019-10-07 23:32:03 <\/h6>\n<p><!--\n<link rel=\"stylesheet\" href=\"css\/bootstrap.min.css\">\n\n\n<ul class=\"pagination\">\n\t    \n\t\n\n<li >\n\t<a href='?page_no=497'>Previous<\/a>\n\t<\/li>\n\n\n       \n    \n\n<li><a href='?page_no=1'>1<\/a><\/li>\n\n\n\n<li><a href='?page_no=2'>2<\/a><\/li>\n\n\n\n<li><a>...<\/a><\/li>\n\n\n\n<li><a href='?page_no=496'>496<\/a><\/li>\n\n\n\n<li><a href='?page_no=497'>497<\/a><\/li>\n\n\n\n<li class='active'><a>498<\/a><\/li>\n\n\n\n<li><a href='?page_no=499'>499<\/a><\/li>\n\n\n\n<li><a href='?page_no=500'>500<\/a><\/li>\n\n\n\n<li><a>...<\/a><\/li>\n\n\n\n<li><a href='?page_no=13611'>13611<\/a><\/li>\n\n\n\n<li><a href='?page_no=13612'>13612<\/a><\/li>\n\n    \n\t\n\n<li >\n\t<a href='?page_no=499'>Next<\/a>\n\t<\/li>\n\n\n    \n\n<li><a href='?page_no=13612'>Last &rsaquo;&rsaquo;<\/a><\/li>\n\n<\/ul>\n\n\n--><br \/>\n<\/body><\/p>\n","protected":false},"excerpt":{"rendered":"<p>EN PRIMERA FILA Mario Rivadulla Ardiendo desde el mi\u00e9rcoles de la pasada semana, todav\u00eda el incendio en el vertedero de Haina, si bien sofocado en una gran parte, no ha podido ser controlado del todo. Decenas de familias han tenido que abandonar sus hogares en las cercan\u00edas del vertedero, debido a la intensidad del humo. [&hellip;]<\/p>\n","protected":false},"author":3,"featured_media":0,"comment_status":"open","ping_status":"open","sticky":false,"template":"","format":"standard","meta":{"footnotes":""},"categories":[16],"tags":[],"class_list":["post-41914","post","type-post","status-publish","format-standard","hentry","category-opiniones"],"_links":{"self":[{"href":"https:\/\/diariodominicano.com\/index.php?rest_route=\/wp\/v2\/posts\/41914","targetHints":{"allow":["GET"]}}],"collection":[{"href":"https:\/\/diariodominicano.com\/index.php?rest_route=\/wp\/v2\/posts"}],"about":[{"href":"https:\/\/diariodominicano.com\/index.php?rest_route=\/wp\/v2\/types\/post"}],"author":[{"embeddable":true,"href":"https:\/\/diariodominicano.com\/index.php?rest_route=\/wp\/v2\/users\/3"}],"replies":[{"embeddable":true,"href":"https:\/\/diariodominicano.com\/index.php?rest_route=%2Fwp%2Fv2%2Fcomments&post=41914"}],"version-history":[{"count":0,"href":"https:\/\/diariodominicano.com\/index.php?rest_route=\/wp\/v2\/posts\/41914\/revisions"}],"wp:attachment":[{"href":"https:\/\/diariodominicano.com\/index.php?rest_route=%2Fwp%2Fv2%2Fmedia&parent=41914"}],"wp:term":[{"taxonomy":"category","embeddable":true,"href":"https:\/\/diariodominicano.com\/index.php?rest_route=%2Fwp%2Fv2%2Fcategories&post=41914"},{"taxonomy":"post_tag","embeddable":true,"href":"https:\/\/diariodominicano.com\/index.php?rest_route=%2Fwp%2Fv2%2Ftags&post=41914"}],"curies":[{"name":"wp","href":"https:\/\/api.w.org\/{rel}","templated":true}]}}