{"id":418814,"date":"2023-02-22T17:05:22","date_gmt":"2023-02-22T21:05:22","guid":{"rendered":"http:\/\/diariodominicano.com\/?p=418814"},"modified":"2023-02-22T17:05:22","modified_gmt":"2023-02-22T21:05:22","slug":"destruyen-vallas-con-la-imagen-de-abel-martinez-con-la-consigna-quien-cambia-una-ciudad-cambia-un-pais","status":"publish","type":"post","link":"https:\/\/diariodominicano.com\/?p=418814","title":{"rendered":"Destruyen vallas con la imagen de Abel Mart\u00ednez con la consigna:   \u201cQuien Cambia una Ciudad,  Cambia un Pa\u00eds\u201d"},"content":{"rendered":"\n<p>diariodominicano.com<\/p>\n\n\n\n<p>Santiago, R. D.,  22 de febrero, 2022.-   <strong>Carteles y vallas de promoci\u00f3n del candidato a la Presidencia de la Rep\u00fablica del Partido de la Liberaci\u00f3n Dominicana (PLD), Abel Mart\u00ednez<\/strong>, est\u00e1n siendo destruidas por sectores que se resisten a aceptar su \u00a0s\u00f3lido posicionamiento en el electorado, seg\u00fan confirman los electores nacionales.<\/p>\n\n\n\n<p>Los carteles y vallas que presentan la fotograf\u00eda de Abel Mart\u00ednez en un dise\u00f1o moderno y atractivo con la consigna \u201cQuien Cambia una Ciudad, &nbsp;Cambia un Pa\u00eds\u201d, &nbsp;amanecieron embadurnadas con pintura roja, otros cartelones fueron rotos y destrozados.<\/p>\n\n\n\n<p>Es un mensaje publicitario de posicionamiento que resalta el trabajo de Abel Mart\u00ednez como municipalista en proyecci\u00f3n a su candidatura para las elecciones del a\u00f1o 2024.<\/p>\n\n\n\n<p>\u201cSe trata de intolerantes y desaprensivos que no resisten un debate democr\u00e1tico y recurren a este tipo de pr\u00e1cticas que se entend\u00edan desterrada del accionar pol\u00edtico dominicano\u201d, denunci\u00f3 una representaci\u00f3n del Comit\u00e9 de Campa\u00f1a del PLD en formaci\u00f3n.<\/p>\n\n\n\n<p>Las vallas que promueven la gran obra de Abel Mart\u00ednez al frente del cabildo de Santiago de los Caballeros es auspiciada por amigos y allegados de Mart\u00ednez y el PLD, organizaci\u00f3n pol\u00edtica que sigue inmersa en su proceso reorganizativo y realizando un trabajo en la presente fase previa a la precampa\u00f1a electoral, planificando las acciones a seguir cuando se formalice la apertura de la&nbsp; campa\u00f1a. &nbsp;&nbsp;&nbsp;<\/p>\n\n\n\n<p>Fuente:  <strong>SECRETAR\u00cdA DE COMUNICACIONES<\/strong> PLD<\/p>\n\n\n\n<p><strong>22 DE FEBRERO, 2023.-<\/strong><\/p>\n","protected":false},"excerpt":{"rendered":"<p>diariodominicano.com Santiago, R. D., 22 de febrero, 2022.- Carteles y vallas de promoci\u00f3n del candidato a la Presidencia de la Rep\u00fablica del Partido de la Liberaci\u00f3n Dominicana (PLD), Abel Mart\u00ednez, est\u00e1n siendo destruidas por sectores que se resisten a aceptar su \u00a0s\u00f3lido posicionamiento en el electorado, seg\u00fan confirman los electores nacionales. Los carteles y vallas [&hellip;]<\/p>\n","protected":false},"author":5,"featured_media":418815,"comment_status":"closed","ping_status":"","sticky":true,"template":"","format":"standard","meta":{"footnotes":""},"categories":[29,22,27],"tags":[],"class_list":["post-418814","post","type-post","status-publish","format-standard","has-post-thumbnail","hentry","category-policiasucesos","category-politica","category-portada"],"_links":{"self":[{"href":"https:\/\/diariodominicano.com\/index.php?rest_route=\/wp\/v2\/posts\/418814","targetHints":{"allow":["GET"]}}],"collection":[{"href":"https:\/\/diariodominicano.com\/index.php?rest_route=\/wp\/v2\/posts"}],"about":[{"href":"https:\/\/diariodominicano.com\/index.php?rest_route=\/wp\/v2\/types\/post"}],"author":[{"embeddable":true,"href":"https:\/\/diariodominicano.com\/index.php?rest_route=\/wp\/v2\/users\/5"}],"replies":[{"embeddable":true,"href":"https:\/\/diariodominicano.com\/index.php?rest_route=%2Fwp%2Fv2%2Fcomments&post=418814"}],"version-history":[{"count":1,"href":"https:\/\/diariodominicano.com\/index.php?rest_route=\/wp\/v2\/posts\/418814\/revisions"}],"predecessor-version":[{"id":418816,"href":"https:\/\/diariodominicano.com\/index.php?rest_route=\/wp\/v2\/posts\/418814\/revisions\/418816"}],"wp:featuredmedia":[{"embeddable":true,"href":"https:\/\/diariodominicano.com\/index.php?rest_route=\/wp\/v2\/media\/418815"}],"wp:attachment":[{"href":"https:\/\/diariodominicano.com\/index.php?rest_route=%2Fwp%2Fv2%2Fmedia&parent=418814"}],"wp:term":[{"taxonomy":"category","embeddable":true,"href":"https:\/\/diariodominicano.com\/index.php?rest_route=%2Fwp%2Fv2%2Fcategories&post=418814"},{"taxonomy":"post_tag","embeddable":true,"href":"https:\/\/diariodominicano.com\/index.php?rest_route=%2Fwp%2Fv2%2Ftags&post=418814"}],"curies":[{"name":"wp","href":"https:\/\/api.w.org\/{rel}","templated":true}]}}