{"id":41881,"date":"2019-10-08T01:13:42","date_gmt":"2019-10-08T01:13:42","guid":{"rendered":"http:\/\/diariodominicano.ddns.net\/?p=41881"},"modified":"2019-10-08T01:13:42","modified_gmt":"2019-10-08T01:13:42","slug":"hermoso-momento-de-inflexion","status":"publish","type":"post","link":"https:\/\/diariodominicano.com\/?p=41881","title":{"rendered":"\u00a1HERMOSO MOMENTO DE INFLEXI\u00d3N!"},"content":{"rendered":"<p><body><\/p>\n<p><strong><span class=\"text1noticias\">FRANKLIN ALMEYDA RANCIER<\/span><\/strong><\/p>\n<p><span class=\"text1noticias\"> <\/span><\/p>\n<p><span class=\"text1noticias\">Las primarias celebradas ayer 6 de octubre, constituyen una oportuna ocasi\u00f3n para marcar los l\u00edmites existentes entre lo que debe seguir haciendo el PLD y lo que debe dejar de hacer. Es el momento para deslindar campos de comportamientos.<\/span><\/p>\n<\/p>\n<p><span class=\"text1noticias\">Como organizaci\u00f3n fundada con objetivos bien definidos, su comportamiento general la ha perturbado y se ha formado una bruma que oculta sus prop\u00f3sitos de origen, desnaturalizando su perfil. Lleg\u00f3 el momento para iniciar su recuperaci\u00f3n o disoluci\u00f3n.<\/span><\/p>\n<\/p>\n<p><span class=\"text1noticias\">Tiene las posibilidades de resurgir como ave f\u00e9nix, dejando atr\u00e1s un enjambre de aspirantes que pretenden hacer de sus vidas individuales, lo que de conjunto se debe hacer por todo un pueblo. Es matar en nosotros la Hidra de Lerna.<\/span><\/p>\n<\/p>\n<p><span class=\"text1noticias\">En la mitolog\u00eda griega, la Hidra de Lerna era un monstruo acu\u00e1tico feroz y despiadado, parecido a una serpiente polic\u00e9falica (de tres a nueve e incluso cien cabezas), con aliento venenoso. <\/span><\/p>\n<\/p>\n<p><span class=\"text1noticias\">La Hidra ten\u00eda la propiedad de crearse dos o tres cabezas m\u00e1s, por cada una que le fuera cortada. Se guarec\u00eda en el lago de Lerna, en el golfo de Arg\u00f3lida, Nauplia, lugar anterior a Argos.<\/span><\/p>\n<\/p>\n<p><span class=\"text1noticias\">H\u00e9rcules mat\u00f3 la Hidra en el segundo de sus doce trabajos. H\u00e9rcules era en la mitolog\u00eda romana el equivalente a Heracles en la mitolog\u00eda griega. Hijo de J\u00fapiter, igual al dios griego Zeus.<\/span><\/p>\n<\/p>\n<p><span class=\"text1noticias\">La Hidra ha sido tirada al agua y aquellos dirigentes con cierta tradici\u00f3n han sido forzados a orillarse y empezar a salir del lago. Sus retiros son m\u00e1s que justificados, permanecer ser\u00eda servir de alimento a la Hidra de muchas cabezas.<\/span><\/p>\n<\/p>\n<p><span class=\"text1noticias\">S\u00f3lo quien acumul\u00f3 la fuerza del pueblo y conserva el vigor para destrozar la Hidra, con la efectividad de H\u00e9rcules, podr\u00e1 despejar las aguas y recuperar el Lago de Lerna.<\/span><\/p>\n<\/p>\n<p><span class=\"text1noticias\">Estas aguas no son para monstruos bic\u00e9falos de ayer, ni los narcos piratas de hoy. Los tiempos son para dejar despejada la libertad y la convivencia democr\u00e1tica.<\/span><\/p>\n<\/p>\n<p><span class=\"text1noticias\">El pueblo ha concurrido a un evento de participaci\u00f3n, que deslinda la conducta en la actividad pol\u00edtica. Se trata de rencausar un proceso de desarrollo, crecimiento sostenido e inclusivo, en plena y leg\u00edtima expresi\u00f3n<\/span><\/p>\n<p><span class=\"text1noticias\"> <\/span><\/p>\n<p><span class=\"text1noticias\">popular. Sus resultados pueden confundir a quienes no aceptan que el poder est\u00e1 en el pueblo y que \u00e9ste a final se impone.<\/span><\/p>\n<\/p>\n<p><span class=\"text1noticias\">Los que mandan olvidan que los mandaron a mandar y que ese mandato tiene un l\u00edmite para acabar. Ese l\u00edmite lleg\u00f3, aunque tenga un margen para maniobrar con torpes escaramuzas.<\/span><\/p>\n<\/p>\n<p><span class=\"text1noticias\">Seguir creyendo que desde el poder todo se puede o se hace lo que conviene, constituye una suplantaci\u00f3n de las normas b\u00e1sicas del r\u00e9gimen democr\u00e1tico y deriva en la creaci\u00f3n de un ambiente de rechazo, tarde o temprano.<\/span><\/p>\n<\/p>\n<p><span class=\"text1noticias\">Crear una Hidra de cien cabezas y lanzarla en el lago de la democracia dominicana, es inaceptable y la prudencia aconseja respetar las normas y reglas legales, o se es finalmente derrotado.<\/span><\/p>\n<\/p>\n<p><span class=\"text1noticias\">Olvidar que los pueblos crean su mitolog\u00eda, es lo mismo que ignorar que las causas son encarnadas por figuras hist\u00f3ricas que terminan destrozando las Hidras que son creadas para ahuyentar a los d\u00e9biles, pero terminan desafiando a figuras que como H\u00e9rcules encarnan el valor, la decisi\u00f3n y firmeza de los pueblos. Llegado a este punto, los pueblos lo convierte en un punto de inflexi\u00f3n, para lanzarse a conquistar el futuro.<\/span><\/p>\n<\/p>\n<p><strong><span class=\"text1noticias\">El autor es miembro del CP del PLD, ex Ministro de Interior y ex Rector de la UASD.<\/span><\/strong><\/p>\n<\/p>\n<\/p>\n<\/p>\n<h6> 2019-10-08 01:13:42 <\/h6>\n<p><!--\n<link rel=\"stylesheet\" href=\"css\/bootstrap.min.css\">\n\n\n<ul class=\"pagination\">\n\t    \n\t\n\n<li >\n\t<a href='?page_no=494'>Previous<\/a>\n\t<\/li>\n\n\n       \n    \n\n<li><a href='?page_no=1'>1<\/a><\/li>\n\n\n\n<li><a href='?page_no=2'>2<\/a><\/li>\n\n\n\n<li><a>...<\/a><\/li>\n\n\n\n<li><a href='?page_no=493'>493<\/a><\/li>\n\n\n\n<li><a href='?page_no=494'>494<\/a><\/li>\n\n\n\n<li class='active'><a>495<\/a><\/li>\n\n\n\n<li><a href='?page_no=496'>496<\/a><\/li>\n\n\n\n<li><a href='?page_no=497'>497<\/a><\/li>\n\n\n\n<li><a>...<\/a><\/li>\n\n\n\n<li><a href='?page_no=13611'>13611<\/a><\/li>\n\n\n\n<li><a href='?page_no=13612'>13612<\/a><\/li>\n\n    \n\t\n\n<li >\n\t<a href='?page_no=496'>Next<\/a>\n\t<\/li>\n\n\n    \n\n<li><a href='?page_no=13612'>Last &rsaquo;&rsaquo;<\/a><\/li>\n\n<\/ul>\n\n\n--><br \/>\n<\/body><\/p>\n","protected":false},"excerpt":{"rendered":"<p>FRANKLIN ALMEYDA RANCIER Las primarias celebradas ayer 6 de octubre, constituyen una oportuna ocasi\u00f3n para marcar los l\u00edmites existentes entre lo que debe seguir haciendo el PLD y lo que debe dejar de hacer. Es el momento para deslindar campos de comportamientos. Como organizaci\u00f3n fundada con objetivos bien definidos, su comportamiento general la ha perturbado [&hellip;]<\/p>\n","protected":false},"author":3,"featured_media":0,"comment_status":"open","ping_status":"open","sticky":false,"template":"","format":"standard","meta":{"footnotes":""},"categories":[16],"tags":[],"class_list":["post-41881","post","type-post","status-publish","format-standard","hentry","category-opiniones"],"_links":{"self":[{"href":"https:\/\/diariodominicano.com\/index.php?rest_route=\/wp\/v2\/posts\/41881","targetHints":{"allow":["GET"]}}],"collection":[{"href":"https:\/\/diariodominicano.com\/index.php?rest_route=\/wp\/v2\/posts"}],"about":[{"href":"https:\/\/diariodominicano.com\/index.php?rest_route=\/wp\/v2\/types\/post"}],"author":[{"embeddable":true,"href":"https:\/\/diariodominicano.com\/index.php?rest_route=\/wp\/v2\/users\/3"}],"replies":[{"embeddable":true,"href":"https:\/\/diariodominicano.com\/index.php?rest_route=%2Fwp%2Fv2%2Fcomments&post=41881"}],"version-history":[{"count":0,"href":"https:\/\/diariodominicano.com\/index.php?rest_route=\/wp\/v2\/posts\/41881\/revisions"}],"wp:attachment":[{"href":"https:\/\/diariodominicano.com\/index.php?rest_route=%2Fwp%2Fv2%2Fmedia&parent=41881"}],"wp:term":[{"taxonomy":"category","embeddable":true,"href":"https:\/\/diariodominicano.com\/index.php?rest_route=%2Fwp%2Fv2%2Fcategories&post=41881"},{"taxonomy":"post_tag","embeddable":true,"href":"https:\/\/diariodominicano.com\/index.php?rest_route=%2Fwp%2Fv2%2Ftags&post=41881"}],"curies":[{"name":"wp","href":"https:\/\/api.w.org\/{rel}","templated":true}]}}