{"id":41870,"date":"2019-10-09T02:13:49","date_gmt":"2019-10-09T02:13:49","guid":{"rendered":"http:\/\/diariodominicano.ddns.net\/?p=41870"},"modified":"2019-10-09T02:13:49","modified_gmt":"2019-10-09T02:13:49","slug":"a-pleno-sollos-sin-trabajo","status":"publish","type":"post","link":"https:\/\/diariodominicano.com\/?p=41870","title":{"rendered":"A Pleno Sol&#13;&#13;Los sin trabajo"},"content":{"rendered":"<p><body><\/p>\n<p><strong>Por Manuel Hern\u00e1ndez Villeta<\/strong><\/p>\n<\/p>\n<\/p>\n<p>Tiene que darse un esfuerzo combinado entre el sector privado y el oficial para facilitar el primer empleo.  A un joven que entra en la mayor\u00eda de edad, le es imposible conseguir un trabajo, porque carece de experiencia.<\/p>\n<\/p>\n<p>De ah\u00ed, que debe darse un esfuerzo, sobre todo en el lado privado, de facilitar el primer empleo, sin tomar en cuenta la experiencia, sino las actitudes del solicitante. En el sector oficial el caso es m\u00e1s delicado, debido a que se tiene que tener a mano el carnet pol\u00edtico para gozar de la posici\u00f3n.<\/p>\n<\/p>\n<p>Por suerte en muchas grandes empresas esta ahora surgiendo la modalidad de la pasant\u00eda. En coordinaci\u00f3n con algunas universidades se permite que los j\u00f3venes en la etapa final de la carrera, realicen diferentes tareas, que le sirven para hacer relaciones en el mercado laboral.<\/p>\n<\/p>\n<p>El desempleo embarga a todos los sectores sociales, pero es m\u00e1s dram\u00e1tico en el primer empleo. Sin embargo, el caso de los adultos mayores tambi\u00e9n el asunto se torna m\u00e1s complicado.  Para el mercado laboral una persona de 40 a\u00f1os es vieja, y est\u00e1 fuera de la red ocupacional.<\/p>\n<\/p>\n<p>Estos son los casos extremos, donde se torna m\u00e1s dif\u00edcil poder vender la fuerza muscular o manual, para ganarse la vida dignamente. Los que ya consiguen trabajo tambi\u00e9n sufren por los salarios reducidos, la falta de seguro m\u00e9dico y violaciones del horario de 8 horas.<\/p>\n<\/p>\n<p>Las principales centrales sindicales se est\u00e1n reinventando. Durante d\u00e9cadas fueron punta de  lanza de partidos pol\u00edticos, y ahora buscan su nuevo camino, luchando por reivindicaciones sociales de los obreros y asalariados.<\/p>\n<\/p>\n<p>Pero el poder real de los organismos sindicales es m\u00ednimo. En las empresas donde debe haber sindicatos de modo obligado, los gremios son amarillos, y se inclinan a la posici\u00f3n de los patronos.  Han desaparecido la mayor\u00eda de los sindicatos independientes.<\/p>\n<\/p>\n<p>Cuando cambio el panorama y los partidos pol\u00edticos dejaron de tener inter\u00e9s en las centrales sindicales, estas cayeron en el reflujo. Se helaron, y reci\u00e9n comienzan a tararear nuevas jornadas de lucha. Los pleitos por el salario m\u00ednimo lo hicieron de modo ejemplar.<\/p>\n<\/p>\n<p>Tenemos confianza en el reforzamiento de ese movimiento sindical, que entra de lleno a luchar por reivindicaciones sociales.  El empresario tambi\u00e9n debe comprender que la paz y la tranquilidad para que florezcan sus inversiones, deben partir de dar la mano al necesitado y facilitar empleo a una poblaci\u00f3n desocupada. \u00a1Ay!, se me acabo la tinta.<\/p>\n<\/p>\n<h6> 2019-10-09 02:13:49 <\/h6>\n<p><!--\n<link rel=\"stylesheet\" href=\"css\/bootstrap.min.css\">\n\n\n<ul class=\"pagination\">\n\t    \n\t\n\n<li >\n\t<a href='?page_no=493'>Previous<\/a>\n\t<\/li>\n\n\n       \n    \n\n<li><a href='?page_no=1'>1<\/a><\/li>\n\n\n\n<li><a href='?page_no=2'>2<\/a><\/li>\n\n\n\n<li><a>...<\/a><\/li>\n\n\n\n<li><a href='?page_no=492'>492<\/a><\/li>\n\n\n\n<li><a href='?page_no=493'>493<\/a><\/li>\n\n\n\n<li class='active'><a>494<\/a><\/li>\n\n\n\n<li><a href='?page_no=495'>495<\/a><\/li>\n\n\n\n<li><a href='?page_no=496'>496<\/a><\/li>\n\n\n\n<li><a>...<\/a><\/li>\n\n\n\n<li><a href='?page_no=13611'>13611<\/a><\/li>\n\n\n\n<li><a href='?page_no=13612'>13612<\/a><\/li>\n\n    \n\t\n\n<li >\n\t<a href='?page_no=495'>Next<\/a>\n\t<\/li>\n\n\n    \n\n<li><a href='?page_no=13612'>Last &rsaquo;&rsaquo;<\/a><\/li>\n\n<\/ul>\n\n\n--><br \/>\n<\/body><\/p>\n","protected":false},"excerpt":{"rendered":"<p>Por Manuel Hern\u00e1ndez Villeta Tiene que darse un esfuerzo combinado entre el sector privado y el oficial para facilitar el primer empleo. A un joven que entra en la mayor\u00eda de edad, le es imposible conseguir un trabajo, porque carece de experiencia. De ah\u00ed, que debe darse un esfuerzo, sobre todo en el lado privado, [&hellip;]<\/p>\n","protected":false},"author":3,"featured_media":0,"comment_status":"open","ping_status":"open","sticky":false,"template":"","format":"standard","meta":{"footnotes":""},"categories":[16],"tags":[],"class_list":["post-41870","post","type-post","status-publish","format-standard","hentry","category-opiniones"],"_links":{"self":[{"href":"https:\/\/diariodominicano.com\/index.php?rest_route=\/wp\/v2\/posts\/41870","targetHints":{"allow":["GET"]}}],"collection":[{"href":"https:\/\/diariodominicano.com\/index.php?rest_route=\/wp\/v2\/posts"}],"about":[{"href":"https:\/\/diariodominicano.com\/index.php?rest_route=\/wp\/v2\/types\/post"}],"author":[{"embeddable":true,"href":"https:\/\/diariodominicano.com\/index.php?rest_route=\/wp\/v2\/users\/3"}],"replies":[{"embeddable":true,"href":"https:\/\/diariodominicano.com\/index.php?rest_route=%2Fwp%2Fv2%2Fcomments&post=41870"}],"version-history":[{"count":0,"href":"https:\/\/diariodominicano.com\/index.php?rest_route=\/wp\/v2\/posts\/41870\/revisions"}],"wp:attachment":[{"href":"https:\/\/diariodominicano.com\/index.php?rest_route=%2Fwp%2Fv2%2Fmedia&parent=41870"}],"wp:term":[{"taxonomy":"category","embeddable":true,"href":"https:\/\/diariodominicano.com\/index.php?rest_route=%2Fwp%2Fv2%2Fcategories&post=41870"},{"taxonomy":"post_tag","embeddable":true,"href":"https:\/\/diariodominicano.com\/index.php?rest_route=%2Fwp%2Fv2%2Ftags&post=41870"}],"curies":[{"name":"wp","href":"https:\/\/api.w.org\/{rel}","templated":true}]}}