{"id":41859,"date":"2019-10-10T00:39:06","date_gmt":"2019-10-10T00:39:06","guid":{"rendered":"http:\/\/diariodominicano.ddns.net\/?p=41859"},"modified":"2019-10-10T00:39:06","modified_gmt":"2019-10-10T00:39:06","slug":"a-pleno-solresultados-de-las-primarias","status":"publish","type":"post","link":"https:\/\/diariodominicano.com\/?p=41859","title":{"rendered":"A Pleno Sol&#13;&#13;Resultados de las primarias&#13;"},"content":{"rendered":"<p><body><\/p>\n<p><strong>Por Manuel Hern\u00e1ndez Villeta<\/strong><\/p>\n<\/p>\n<\/p>\n<p>Los resultados de las primarias presentan la irremediable divisi\u00f3n del Partido de la Liberaci\u00f3n Dominicana. Se ve el escenario de dos candidatos presidenciales peledeistas. Gonzalo Castillo por el PLD y Leonel Fern\u00e1ndez por un bloque de partidos.<\/p>\n<\/p>\n<p>No importan los resultados de las revisiones que hace la Junta Central Electoral, la unidad partidaria no ser\u00e1 fortalecida. Una crisis interna del partido de gobierno, que va por la senda de la fragmentaci\u00f3n, cuando se necesitan fuerzas con miras a unas venideras elecciones nacionales.<\/p>\n<\/p>\n<p>Desde hace a\u00f1os el PLD se encontraba virtualmente dividido, y ahora surge la pared que lo divide finalmente en dos. Por suerte para ellos, hay tiempo suficiente para poder recomponer fuerzas y tratar de ver quien puede hacer un mejor papel electoral.<\/p>\n<\/p>\n<p>Los grupos medi\u00e1ticos, desde el empresario hasta la embajada norteamericana, evitar\u00e1n el desconocimiento de las primarias, que podr\u00eda traer una crisis institucional con la Junta Central Electoral en medio del terremoto. Plantearan soluciones intermedias.<\/p>\n<\/p>\n<p>La salida que de seguro impondr\u00e1n los grupos del poder supranacional es    la de dos candidatos peledeistas en partidos diferentes, y la de  Luis Abinader, por el Partido Revolucionario Moderno. Un nuevo panorama de tres candidatos mayoritarios a la presidencia para las venideras elecciones. No habr\u00e1 ganador en primera vuelta.<\/p>\n<\/p>\n<p>El momento es bueno para hacer referencias a la Junta Central Electoral y su papel en las primarias. Escrib\u00ed varios art\u00edculos en los cuales ped\u00eda al pleno de ese organismo que buscara la forma de zafarse de ser la organizadora de las primarias de los partidos pol\u00edticos. Nadie hizo caso y hoy vemos  los resultados.<\/p>\n<\/p>\n<p>La Junta no ten\u00eda nada que buscar en la organizaci\u00f3n de las primarias, aunque se lo se\u00f1alaban ac\u00e1pites de la Ley de Partidos. Meterse en el tormentoso mundo interno de los partidos con tendencias en busca del poder, es  entrar al cr\u00e1ter de un volc\u00e1n en erupci\u00f3n. Nada recomendable estar cerca.<\/p>\n<\/p>\n<p>Todo el esfuerzo de la JCE  tiene que estar centrado en preparar las venideras elecciones generales. Es luchar por  crear las bases firmes y las acciones verticales para  cimentar  la confianza de los ciudadanos en un organismo que hist\u00f3ricamente ha dado muchos tropezones.<\/p>\n<\/p>\n<p>La Junta tiene que labrar su propio destino colectivo e institucional de verticalidad. No es suficiente que se levante el historial de vida de sus prestigiosos magistrados. No es un problema de honorabilidad personal, sino de c\u00f3mo se enfrentan de modo colectivo las acciones diarias de un organismo que tiene que ganarse la credibilidad ante el pueblo. \u00a1Ay!, se me acab\u00f3 la tinta.<\/p>\n<\/p>\n<h6> 2019-10-10 00:39:06 <\/h6>\n<p><!--\n<link rel=\"stylesheet\" href=\"css\/bootstrap.min.css\">\n\n\n<ul class=\"pagination\">\n\t    \n\t\n\n<li >\n\t<a href='?page_no=492'>Previous<\/a>\n\t<\/li>\n\n\n       \n    \n\n<li><a href='?page_no=1'>1<\/a><\/li>\n\n\n\n<li><a href='?page_no=2'>2<\/a><\/li>\n\n\n\n<li><a>...<\/a><\/li>\n\n\n\n<li><a href='?page_no=491'>491<\/a><\/li>\n\n\n\n<li><a href='?page_no=492'>492<\/a><\/li>\n\n\n\n<li class='active'><a>493<\/a><\/li>\n\n\n\n<li><a href='?page_no=494'>494<\/a><\/li>\n\n\n\n<li><a href='?page_no=495'>495<\/a><\/li>\n\n\n\n<li><a>...<\/a><\/li>\n\n\n\n<li><a href='?page_no=13611'>13611<\/a><\/li>\n\n\n\n<li><a href='?page_no=13612'>13612<\/a><\/li>\n\n    \n\t\n\n<li >\n\t<a href='?page_no=494'>Next<\/a>\n\t<\/li>\n\n\n    \n\n<li><a href='?page_no=13612'>Last &rsaquo;&rsaquo;<\/a><\/li>\n\n<\/ul>\n\n\n--><br \/>\n<\/body><\/p>\n","protected":false},"excerpt":{"rendered":"<p>Por Manuel Hern\u00e1ndez Villeta Los resultados de las primarias presentan la irremediable divisi\u00f3n del Partido de la Liberaci\u00f3n Dominicana. Se ve el escenario de dos candidatos presidenciales peledeistas. Gonzalo Castillo por el PLD y Leonel Fern\u00e1ndez por un bloque de partidos. No importan los resultados de las revisiones que hace la Junta Central Electoral, la [&hellip;]<\/p>\n","protected":false},"author":3,"featured_media":0,"comment_status":"open","ping_status":"open","sticky":false,"template":"","format":"standard","meta":{"footnotes":""},"categories":[16],"tags":[],"class_list":["post-41859","post","type-post","status-publish","format-standard","hentry","category-opiniones"],"_links":{"self":[{"href":"https:\/\/diariodominicano.com\/index.php?rest_route=\/wp\/v2\/posts\/41859","targetHints":{"allow":["GET"]}}],"collection":[{"href":"https:\/\/diariodominicano.com\/index.php?rest_route=\/wp\/v2\/posts"}],"about":[{"href":"https:\/\/diariodominicano.com\/index.php?rest_route=\/wp\/v2\/types\/post"}],"author":[{"embeddable":true,"href":"https:\/\/diariodominicano.com\/index.php?rest_route=\/wp\/v2\/users\/3"}],"replies":[{"embeddable":true,"href":"https:\/\/diariodominicano.com\/index.php?rest_route=%2Fwp%2Fv2%2Fcomments&post=41859"}],"version-history":[{"count":0,"href":"https:\/\/diariodominicano.com\/index.php?rest_route=\/wp\/v2\/posts\/41859\/revisions"}],"wp:attachment":[{"href":"https:\/\/diariodominicano.com\/index.php?rest_route=%2Fwp%2Fv2%2Fmedia&parent=41859"}],"wp:term":[{"taxonomy":"category","embeddable":true,"href":"https:\/\/diariodominicano.com\/index.php?rest_route=%2Fwp%2Fv2%2Fcategories&post=41859"},{"taxonomy":"post_tag","embeddable":true,"href":"https:\/\/diariodominicano.com\/index.php?rest_route=%2Fwp%2Fv2%2Ftags&post=41859"}],"curies":[{"name":"wp","href":"https:\/\/api.w.org\/{rel}","templated":true}]}}