{"id":418548,"date":"2023-02-21T17:03:14","date_gmt":"2023-02-21T21:03:14","guid":{"rendered":"http:\/\/diariodominicano.com\/?p=418548"},"modified":"2023-02-21T17:03:14","modified_gmt":"2023-02-21T21:03:14","slug":"fijan-para-el-viernes-el-conocimiento-de-la-solicitud-de-medida-de-coercion-contra-arrestados-en-operacion-frontera","status":"publish","type":"post","link":"https:\/\/diariodominicano.com\/?p=418548","title":{"rendered":"Fijan para el viernes el conocimiento de la solicitud de medida de coerci\u00f3n contra arrestados en Operaci\u00f3n Frontera"},"content":{"rendered":"\n<p>MONTECRISTI, RD, Rep\u00fablica Dominicana.- La jueza de la Oficina de Atenci\u00f3n Permanente del distrito judicial de Montecristi, Javiera Antonia G\u00f3mez, fij\u00f3 para el pr\u00f3ximo viernes 24 de este mes el conocimiento de la solicitud de medida de coerci\u00f3n realizada por el Ministerio P\u00fablico en contra de 15 imputados pertenecientes a una red de criminalidad organizada dedicada al tr\u00e1fico de inmigrantes haitianos que fue desarticulada la madrugada del pasado domingo en la Operaci\u00f3n Frontera.<\/p>\n\n\n\n<p>En la solicitud de la medida de coerci\u00f3n depositada el lunes por la fiscal titular interina de Montecristi, Dinorah Liberato Rojas, el Ministerio P\u00fablico ha solicitado 18 meses de prisi\u00f3n preventiva y la declaraci\u00f3n de complejidad del proceso,&nbsp; en contra de los 15 imputados por la violaci\u00f3n al tipo penal de tr\u00e1fico il\u00edcito de migrantes, previsto y sancionado en los art\u00edculos 2 y 7 (literales b, c, d y e) de la Ley 137-03, sobre Tr\u00e1fico Il\u00edcito de Migrantes y Trata de Personas; los art\u00edculos 265 y 266 del C\u00f3digo Penal, que tipifican como un&nbsp; delito&nbsp; la&nbsp; Trata y Tr\u00e1fico de Personas.<\/p>\n\n\n\n<p>En la operaci\u00f3n coordinada por la titular de la Procuradur\u00eda Especializada Contra el Tr\u00e1fico Il\u00edcito de Migrantes y Trata de Personas (PETT), Yoanna Bejar\u00e1n, junto a la fiscal titular de esta jurisdicci\u00f3n, Grimaldi Oviedo Meran, y la tambi\u00e9n fiscal Yohanny Herrera y&nbsp; la licenciada Giselle Gonz\u00e1lez, en la que se recibi\u00f3 apoyo del Comandante General del Ej\u00e9rcito de Rep\u00fablica Dominicana, mayor general Carlos Antonio Fern\u00e1ndez Onofre, fueron arrestados: Eddy Rafael Cordero Villanueva y Osiris Rafael Est\u00e9vez Fortuna, quienes han sido identificados como cabecillas de esta red tr\u00e1fico de migrantes desde Hait\u00ed.<\/p>\n\n\n\n<p>Elbio Jos\u00e9 Castillo Mart\u00ednez, Hilario Antonio G\u00f3mez Paul, Santo Valerio Contreras, Anelby Susa\u00f1a Guzm\u00e1n, Jes\u00fas Mar\u00eda Cerda Acosta, Anelsy Escarlex Cordero N\u00fa\u00f1ez y Mar\u00eda Rafaela Batista de Cordero.<\/p>\n\n\n\n<p>As\u00ed como tambi\u00e9n los miembros del Ej\u00e9rcito Dominicano, los segundo teniente Jos\u00e9 Dolores Hern\u00e1ndez Merejildo y Julio C\u00e9sar Pujols Montero; los sargentos mayor Rafael Contreras y Rafael Zabala Pe\u00f1a y el cabo Sandro Liranzo Javier.<\/p>\n\n\n\n<p>De acuerdo con la investigaci\u00f3n realizada por el Ministerio P\u00fablico, los cabecillas y miembros de la red se dedicaban a financiar, facilitar y transportar a migrantes a trav\u00e9s de motocicletas y autobuses en complicidad con militares asignados para funciones de vigilancia y control en esa zona fronteriza del pa\u00eds.<\/p>\n\n\n\n<p>En los 16 allanamientos realizados se encontraron 24 inmigrantes, entre ellos, hombres mujeres embarazadas, ni\u00f1os, ni\u00f1as y adolescentes, quienes permanec\u00edan en los centros de acopio clandestinos utilizados por la estructura criminal para luego ser trasportados por las diferentes rutas establecidas hacia diferentes provincias del pa\u00eds.<\/p>\n\n\n\n<p>Entre las evidencias ocupadas por los fiscales a los arrestados que integran la presente estructura criminal, se destacan: documentos, veh\u00edculos, motocicletas, armas de fuego, municiones, cargadores para pistolas, dinero en efectivo de diferentes denominaciones (pesos, d\u00f3lares y gourdes), celulares, computadoras entre otros elementos de pruebas \u00fatiles y relevantes vinculados al tr\u00e1fico il\u00edcito de personas.<\/p>\n\n\n\n<p>La desarticulaci\u00f3n de la organizaci\u00f3n criminal fue posible por la ardua labor de inteligencia e investigaci\u00f3n desarrollada en coordinaci\u00f3n con los diferentes organismos bajo la direcci\u00f3n de&nbsp; la&nbsp; Procuradur\u00eda Especializada Contra el Tr\u00e1fico Il\u00edcito de Migrantes y Trata de Personas (PETT) y la Fiscal\u00eda de Montecristi, conjuntamente con la Divisi\u00f3n Especial de Cr\u00edmenes Transna\u00adcionales (DEIDET), el apoyo en la ejecuci\u00f3n de la operaci\u00f3n del Departamento de Investigaci\u00f3n de Tr\u00e1fico Il\u00edcito de Migrantes de la polic\u00eda Nacional&nbsp; y&nbsp; la&nbsp; ONG Anti Tr\u00e1fic Beauro Antitrafficking Bureau (ATB).<\/p>\n\n\n\n<p>Direcci\u00f3n General de Comunicaci\u00f3n, Prensa, y RRPP<\/p>\n\n\n\n<p>Ministerio P\u00fablico.&nbsp;R.D.<\/p>\n\n\n\n<p>Martes, 21 de febrero de 2023.<\/p>\n","protected":false},"excerpt":{"rendered":"<p>MONTECRISTI, RD, Rep\u00fablica Dominicana.- La jueza de la Oficina de Atenci\u00f3n Permanente del distrito judicial de Montecristi, Javiera Antonia G\u00f3mez, fij\u00f3 para el pr\u00f3ximo viernes 24 de este mes el conocimiento de la solicitud de medida de coerci\u00f3n realizada por el Ministerio P\u00fablico en contra de 15 imputados pertenecientes a una red de criminalidad organizada [&hellip;]<\/p>\n","protected":false},"author":28,"featured_media":418502,"comment_status":"closed","ping_status":"","sticky":true,"template":"","format":"standard","meta":{"footnotes":""},"categories":[24,29,27],"tags":[],"class_list":["post-418548","post","type-post","status-publish","format-standard","has-post-thumbnail","hentry","category-justicia-y-derecho","category-policiasucesos","category-portada"],"_links":{"self":[{"href":"https:\/\/diariodominicano.com\/index.php?rest_route=\/wp\/v2\/posts\/418548","targetHints":{"allow":["GET"]}}],"collection":[{"href":"https:\/\/diariodominicano.com\/index.php?rest_route=\/wp\/v2\/posts"}],"about":[{"href":"https:\/\/diariodominicano.com\/index.php?rest_route=\/wp\/v2\/types\/post"}],"author":[{"embeddable":true,"href":"https:\/\/diariodominicano.com\/index.php?rest_route=\/wp\/v2\/users\/28"}],"replies":[{"embeddable":true,"href":"https:\/\/diariodominicano.com\/index.php?rest_route=%2Fwp%2Fv2%2Fcomments&post=418548"}],"version-history":[{"count":1,"href":"https:\/\/diariodominicano.com\/index.php?rest_route=\/wp\/v2\/posts\/418548\/revisions"}],"predecessor-version":[{"id":418549,"href":"https:\/\/diariodominicano.com\/index.php?rest_route=\/wp\/v2\/posts\/418548\/revisions\/418549"}],"wp:featuredmedia":[{"embeddable":true,"href":"https:\/\/diariodominicano.com\/index.php?rest_route=\/wp\/v2\/media\/418502"}],"wp:attachment":[{"href":"https:\/\/diariodominicano.com\/index.php?rest_route=%2Fwp%2Fv2%2Fmedia&parent=418548"}],"wp:term":[{"taxonomy":"category","embeddable":true,"href":"https:\/\/diariodominicano.com\/index.php?rest_route=%2Fwp%2Fv2%2Fcategories&post=418548"},{"taxonomy":"post_tag","embeddable":true,"href":"https:\/\/diariodominicano.com\/index.php?rest_route=%2Fwp%2Fv2%2Ftags&post=418548"}],"curies":[{"name":"wp","href":"https:\/\/api.w.org\/{rel}","templated":true}]}}