{"id":41837,"date":"2019-10-11T08:27:02","date_gmt":"2019-10-11T08:27:02","guid":{"rendered":"http:\/\/diariodominicano.ddns.net\/?p=41837"},"modified":"2019-10-11T08:27:02","modified_gmt":"2019-10-11T08:27:02","slug":"a-pleno-solel-futuro-de-la-junta","status":"publish","type":"post","link":"https:\/\/diariodominicano.com\/?p=41837","title":{"rendered":"&#13;&#13;A Pleno sol&#13;&#13;El futuro de la Junta"},"content":{"rendered":"<p><body><\/p>\n<p><strong>Por Manuel Hern\u00e1ndez Villeta<\/strong><\/p>\n<\/p>\n<\/p>\n<p>De cara a las elecciones congresuales, municipales y presidenciales del a\u00f1o entrante, la Junta Central Electoral tiene que ponerse la coraza de la verticalidad y ganarse la confianza del pueblo. Ahora mismo la JCE da muestras de ausencia de definiciones.<\/p>\n<\/p>\n<p> La primera vacilaci\u00f3n de los jueces electorales fue en torno a asumir la responsabilidad de unas primarias, que se presum\u00eda  que iban a terminar en el caos. Un organismo que no ha rescatado su credibilidad y honorabilidad, no pod\u00eda entrar en ese terreno resbaladizo.<\/p>\n<\/p>\n<p>El problema de los jueces electorales es que  confunden lo que es la responsabilidad institucional, la verticalidad de un colectivo, con el nombre personal, la honorabilidad del apellido, su accionar de vida, y no es as\u00ed.<\/p>\n<\/p>\n<p>El que participa en un organismo colegiado, no puede creer que solo la menci\u00f3n de su nombre le dar\u00e1  fuerza institucional. Usted puede ser serio y todo lo honorable que quiera, pero no est\u00e1 por encima del colectivo que le toca dirigir.<\/p>\n<\/p>\n<p>La primera atribuci\u00f3n de los magistrados electorales era ganar la credibilidad del organismo, que sali\u00f3 mal parado en las pasadas elecciones. En vez de iniciar esa tarea, se embarg\u00f3 en la preparaci\u00f3n de las primarias de los partidos pol\u00edticos.<\/p>\n<\/p>\n<p>Ahora la JCE tiene que salir lo m\u00e1s pronto del problema de las primarias, y pasar la pelota a las altas cortes, el Tribunal Electoral, El Tribunal Constitucional y la Suprema Corte de Justicia. De ah\u00ed en adelante, a seguir trabajando en la organizaci\u00f3n de los comicios.<\/p>\n<\/p>\n<p>Un punto importante es que los magistrados guarden silencio. Deben trabajar y estar menos en los medios de comunicaci\u00f3n. Cada declaraci\u00f3n que ofrecen mueve a debates, y eso no es bueno para los que tienen sobre sus hombros la organizaci\u00f3n de las elecciones del a\u00f1o que viene.<\/p>\n<\/p>\n<p>Ser\u00eda interesante de ver hasta donde ha prosperado la Junta en adelantar el cronograma con miras a las elecciones. Se tiene que haber empantanado con el discurrir de los temas de las primarias. Tiene este organismo que dar un salto y comprender que su principal funci\u00f3n es que se puedan celebrar elecciones libres y democr\u00e1ticas.<\/p>\n<\/p>\n<p>Las primarias son competencia exclusiva de los partidos pol\u00edticos. Si terminan en medio de silletazos y balaceras, es su problema, pero si los trabajos pasan por la organizaci\u00f3n de la Junta, se corre un problema de crisis institucional. Los magistrados tienen que evitar  que la explosi\u00f3n de las primarias del PLD, los coloque contra la pared.<\/p>\n<\/p>\n<p>La organizaci\u00f3n y pulcritud de las venideras elecciones depende de c\u00f3mo puedan solucionarse los problemas de hoy. Los jueces de la JCE se encuentran  sentados en un barril lleno de nitroglicerina, y  en forma despreocupada   prenden el f\u00f3sforo a una vela romana para ver sus luces multicolores en el espacio. \u00a1Ay!, se me acab\u00f3 la tinta.<\/p>\n<h6> 2019-10-11 08:27:02 <\/h6>\n<p><!--\n<link rel=\"stylesheet\" href=\"css\/bootstrap.min.css\">\n\n\n<ul class=\"pagination\">\n\t    \n\t\n\n<li >\n\t<a href='?page_no=490'>Previous<\/a>\n\t<\/li>\n\n\n       \n    \n\n<li><a href='?page_no=1'>1<\/a><\/li>\n\n\n\n<li><a href='?page_no=2'>2<\/a><\/li>\n\n\n\n<li><a>...<\/a><\/li>\n\n\n\n<li><a href='?page_no=489'>489<\/a><\/li>\n\n\n\n<li><a href='?page_no=490'>490<\/a><\/li>\n\n\n\n<li class='active'><a>491<\/a><\/li>\n\n\n\n<li><a href='?page_no=492'>492<\/a><\/li>\n\n\n\n<li><a href='?page_no=493'>493<\/a><\/li>\n\n\n\n<li><a>...<\/a><\/li>\n\n\n\n<li><a href='?page_no=13611'>13611<\/a><\/li>\n\n\n\n<li><a href='?page_no=13612'>13612<\/a><\/li>\n\n    \n\t\n\n<li >\n\t<a href='?page_no=492'>Next<\/a>\n\t<\/li>\n\n\n    \n\n<li><a href='?page_no=13612'>Last &rsaquo;&rsaquo;<\/a><\/li>\n\n<\/ul>\n\n\n--><br \/>\n<\/body><\/p>\n","protected":false},"excerpt":{"rendered":"<p>Por Manuel Hern\u00e1ndez Villeta De cara a las elecciones congresuales, municipales y presidenciales del a\u00f1o entrante, la Junta Central Electoral tiene que ponerse la coraza de la verticalidad y ganarse la confianza del pueblo. Ahora mismo la JCE da muestras de ausencia de definiciones. La primera vacilaci\u00f3n de los jueces electorales fue en torno a [&hellip;]<\/p>\n","protected":false},"author":3,"featured_media":0,"comment_status":"open","ping_status":"open","sticky":false,"template":"","format":"standard","meta":{"footnotes":""},"categories":[16],"tags":[],"class_list":["post-41837","post","type-post","status-publish","format-standard","hentry","category-opiniones"],"_links":{"self":[{"href":"https:\/\/diariodominicano.com\/index.php?rest_route=\/wp\/v2\/posts\/41837","targetHints":{"allow":["GET"]}}],"collection":[{"href":"https:\/\/diariodominicano.com\/index.php?rest_route=\/wp\/v2\/posts"}],"about":[{"href":"https:\/\/diariodominicano.com\/index.php?rest_route=\/wp\/v2\/types\/post"}],"author":[{"embeddable":true,"href":"https:\/\/diariodominicano.com\/index.php?rest_route=\/wp\/v2\/users\/3"}],"replies":[{"embeddable":true,"href":"https:\/\/diariodominicano.com\/index.php?rest_route=%2Fwp%2Fv2%2Fcomments&post=41837"}],"version-history":[{"count":0,"href":"https:\/\/diariodominicano.com\/index.php?rest_route=\/wp\/v2\/posts\/41837\/revisions"}],"wp:attachment":[{"href":"https:\/\/diariodominicano.com\/index.php?rest_route=%2Fwp%2Fv2%2Fmedia&parent=41837"}],"wp:term":[{"taxonomy":"category","embeddable":true,"href":"https:\/\/diariodominicano.com\/index.php?rest_route=%2Fwp%2Fv2%2Fcategories&post=41837"},{"taxonomy":"post_tag","embeddable":true,"href":"https:\/\/diariodominicano.com\/index.php?rest_route=%2Fwp%2Fv2%2Ftags&post=41837"}],"curies":[{"name":"wp","href":"https:\/\/api.w.org\/{rel}","templated":true}]}}