{"id":41826,"date":"2019-10-11T21:18:53","date_gmt":"2019-10-11T21:18:53","guid":{"rendered":"http:\/\/diariodominicano.ddns.net\/?p=41826"},"modified":"2019-10-11T21:18:53","modified_gmt":"2019-10-11T21:18:53","slug":"infotep","status":"publish","type":"post","link":"https:\/\/diariodominicano.com\/?p=41826","title":{"rendered":"&#13;INFOTEP"},"content":{"rendered":"<p><body><\/p>\n<p><strong><span class=\"text1noticias\">Por Mario Rivadulla<\/span><\/strong><\/p>\n<\/p>\n<p><span class=\"text1noticias\">Si bien el gobierno puede presumir con sobradas razones del eficiente servicio de emergencias del 911 como uno de sus principales logros, los significativos avances registrados en el proceso de modernizaci\u00f3n, extensi\u00f3n y preparaci\u00f3n de recursos humanos al mercado de trabajo, dotados de destrezas laborales en unos casos y de capacitaci\u00f3n t\u00e9cnica en otros, no hacen figurar al INFOTEP como segundo de nadie.<\/span><\/p>\n<\/p>\n<p><span class=\"text1noticias\">Veterano, pese a su juventud, colega de la prensa, desde que fue nombrado para ponerse al frente de la instituci\u00f3n, puso en evidencia una singular disposici\u00f3n gerencial, esp\u00edritu emprendedor y capacidad<\/span><\/p>\n<p><span class=\"text1noticias\">innovadora, mejorando sustancialmente el proceso de formaci\u00f3n de su cada vez mayor n\u00famero de estudiantes, comenzando por elevar el nivel de los facilitadores.<\/span><\/p>\n<\/p>\n<p><span class=\"text1noticias\">En los \u00faltimos cinco a\u00f1os un promedio de 700 mil participantes se han beneficiado\u00a0de los cursos y acciones formativas que ofrece el Instituto. Un detalle a tomar en cuenta es que de ese gran contingente el 55 han sido mujeres y el 45 hombres. A trav\u00e9s de los programas comunitarios\u00a0que<\/span><\/p>\n<p><span class=\"text1noticias\">cubren la totalidad de la geograf\u00eda nacional, se han podido capacitar alrededor de un mill\u00f3n de participantes.<\/span><\/p>\n<\/p>\n<p><span class=\"text1noticias\">Consciente de la estrecha relaci\u00f3n que guarda la misi\u00f3n de INFOTEP con las necesidades del sector empleador y las oportunidades de empleo del mercado dominicano desde los mismos inicios de su gesti\u00f3n Ovalles estableci\u00f3 contacto con sus representativos y dio inicio a un trabajo coordinado que ha arrojado excelentes frutos.<\/span><\/p>\n<\/p>\n<p><span class=\"text1noticias\">Con una oferta acad\u00e9mica cada vez m\u00e1s amplia y variada que abarca 749<\/span><\/p>\n<p><span class=\"text1noticias\">programas que pr\u00e1cticamente cubren todas las \u00e1reas laborales de la<\/span><\/p>\n<p><span class=\"text1noticias\">econom\u00eda nacional, el nivel de credibilidad en INFOTEP hace que sus<\/span><\/p>\n<p><span class=\"text1noticias\">servicios sean cada vez m\u00e1s reclamados.<\/span><\/p>\n<p><span class=\"text1noticias\">De la efectividad de sus cursos y acciones formativas da testimonio<\/span><\/p>\n<p><span class=\"text1noticias\">concluyente el hecho de que el nivel de empleabilidad de sus egresados<\/span><\/p>\n<p><span class=\"text1noticias\">oscila entre el 83 y el 85 por ciento. De ah\u00ed, que cada sea mayor el n\u00famero<\/span><\/p>\n<p><span class=\"text1noticias\">de empresas de todos los niveles que solicitan sus servicios para la<\/span><\/p>\n<p><span class=\"text1noticias\">capacitaci\u00f3n de sus trabajadores.<\/span><\/p>\n<\/p>\n<p><span class=\"text1noticias\">Y un hecho a resaltar es que todo este gigantesco esfuerzo\u00a0cuenta con un<\/span><\/p>\n<p><span class=\"text1noticias\">presupuesto de apenas cuatro mil millones de pesos. De esa suma, el<\/span><\/p>\n<p><span class=\"text1noticias\">noventa y tres por ciento es aportado por el sector empresarial mas un<\/span><\/p>\n<p><span class=\"text1noticias\">aporte mensual del gobierno de 147 millones. Los recursos recibidos se<\/span><\/p>\n<p><span class=\"text1noticias\">distribuci\u00f3n en proporci\u00f3n de un 20 para gastos operativos y el 80 para<\/span><\/p>\n<p><span class=\"text1noticias\">inversiones.<\/span><\/p>\n<p><span class=\"text1noticias\">Como culminaci\u00f3n de su labor durante el presente a\u00f1o, INFOTEP celebrar\u00e1<\/span><\/p>\n<p><span class=\"text1noticias\">un acto de graduaci\u00f3n masiva el pr\u00f3ximo 20 de noviembre, donde ser\u00e1n<\/span><\/p>\n<p><span class=\"text1noticias\">entregados al mercado laboral 40 mil nuevos capacitados. El acto tendr\u00e1<\/span><\/p>\n<p><span class=\"text1noticias\">lugar en el Estadio Ol\u00edmpico F\u00e9lix S\u00e1nchez. Contar\u00e1 con la presencia del<\/span><\/p>\n<p><span class=\"text1noticias\">Presidente Medina y en el mismo se entregar\u00e1n sendos galardones al<\/span><\/p>\n<p><span class=\"text1noticias\">sindicalista Gabriel del R\u00edo y el matrimonio formado por los empresarios<\/span><\/p>\n<p><span class=\"text1noticias\">Elena Viyella y Jos\u00e9 Manuel Paliza.<\/span><\/p>\n<p><span class=\"text1noticias\">Como cuando consideramos necesario no vacilamos en cuestionar y censurar sin complicidades partidarias ni de ninguna naturaleza lo que consideramos censurable y mal hecho, creemos tambi\u00e9n justo y oportuno resaltar lo que por el contrario estimamos merecedor de reconocimiento.<\/span><\/p>\n<p><span class=\"text1noticias\">En este caso, a INFOTEP, que es a nuestro juicio testimonio de un trabajo realizado a conciencia.<\/span><\/p>\n<\/p>\n<\/p>\n<h6> 2019-10-11 21:18:53 <\/h6>\n<p><!--\n<link rel=\"stylesheet\" href=\"css\/bootstrap.min.css\">\n\n\n<ul class=\"pagination\">\n\t    \n\t\n\n<li >\n\t<a href='?page_no=489'>Previous<\/a>\n\t<\/li>\n\n\n       \n    \n\n<li><a href='?page_no=1'>1<\/a><\/li>\n\n\n\n<li><a href='?page_no=2'>2<\/a><\/li>\n\n\n\n<li><a>...<\/a><\/li>\n\n\n\n<li><a href='?page_no=488'>488<\/a><\/li>\n\n\n\n<li><a href='?page_no=489'>489<\/a><\/li>\n\n\n\n<li class='active'><a>490<\/a><\/li>\n\n\n\n<li><a href='?page_no=491'>491<\/a><\/li>\n\n\n\n<li><a href='?page_no=492'>492<\/a><\/li>\n\n\n\n<li><a>...<\/a><\/li>\n\n\n\n<li><a href='?page_no=13611'>13611<\/a><\/li>\n\n\n\n<li><a href='?page_no=13612'>13612<\/a><\/li>\n\n    \n\t\n\n<li >\n\t<a href='?page_no=491'>Next<\/a>\n\t<\/li>\n\n\n    \n\n<li><a href='?page_no=13612'>Last &rsaquo;&rsaquo;<\/a><\/li>\n\n<\/ul>\n\n\n--><br \/>\n<\/body><\/p>\n","protected":false},"excerpt":{"rendered":"<p>Por Mario Rivadulla Si bien el gobierno puede presumir con sobradas razones del eficiente servicio de emergencias del 911 como uno de sus principales logros, los significativos avances registrados en el proceso de modernizaci\u00f3n, extensi\u00f3n y preparaci\u00f3n de recursos humanos al mercado de trabajo, dotados de destrezas laborales en unos casos y de capacitaci\u00f3n t\u00e9cnica [&hellip;]<\/p>\n","protected":false},"author":3,"featured_media":0,"comment_status":"open","ping_status":"open","sticky":false,"template":"","format":"standard","meta":{"footnotes":""},"categories":[16],"tags":[],"class_list":["post-41826","post","type-post","status-publish","format-standard","hentry","category-opiniones"],"_links":{"self":[{"href":"https:\/\/diariodominicano.com\/index.php?rest_route=\/wp\/v2\/posts\/41826","targetHints":{"allow":["GET"]}}],"collection":[{"href":"https:\/\/diariodominicano.com\/index.php?rest_route=\/wp\/v2\/posts"}],"about":[{"href":"https:\/\/diariodominicano.com\/index.php?rest_route=\/wp\/v2\/types\/post"}],"author":[{"embeddable":true,"href":"https:\/\/diariodominicano.com\/index.php?rest_route=\/wp\/v2\/users\/3"}],"replies":[{"embeddable":true,"href":"https:\/\/diariodominicano.com\/index.php?rest_route=%2Fwp%2Fv2%2Fcomments&post=41826"}],"version-history":[{"count":0,"href":"https:\/\/diariodominicano.com\/index.php?rest_route=\/wp\/v2\/posts\/41826\/revisions"}],"wp:attachment":[{"href":"https:\/\/diariodominicano.com\/index.php?rest_route=%2Fwp%2Fv2%2Fmedia&parent=41826"}],"wp:term":[{"taxonomy":"category","embeddable":true,"href":"https:\/\/diariodominicano.com\/index.php?rest_route=%2Fwp%2Fv2%2Fcategories&post=41826"},{"taxonomy":"post_tag","embeddable":true,"href":"https:\/\/diariodominicano.com\/index.php?rest_route=%2Fwp%2Fv2%2Ftags&post=41826"}],"curies":[{"name":"wp","href":"https:\/\/api.w.org\/{rel}","templated":true}]}}