{"id":41825,"date":"2020-10-07T14:11:10","date_gmt":"2020-10-07T14:11:10","guid":{"rendered":"http:\/\/diariodominicano.ddns.net\/?p=41825"},"modified":"2020-10-07T14:11:10","modified_gmt":"2020-10-07T14:11:10","slug":"impuestos-inaceptables","status":"publish","type":"post","link":"https:\/\/diariodominicano.com\/?p=41825","title":{"rendered":"Impuestos Inaceptables"},"content":{"rendered":"<p><body><\/p>\n<p><strong>A Pleno Sol<\/strong><\/p>\n<p><strong>Impuestos Inaceptables<\/strong><\/p>\n<p><strong>Por Manuel Hern\u00e1ndez Villeta<\/strong><\/p>\n<\/p>\n<\/p>\n<p>Es inaceptable  la ampliaci\u00f3n del paquete impositivo.  Ahora mismo los impuestos castigan a todos los dominicanos, mientras no se controlan  la inflaci\u00f3n y el agiotismo.<\/p>\n<\/p>\n<p>No son ciertas las posiciones de muchos economistas de que cuando se trata de impuestos selectivos, los mismos no golp\u00e8an  a los grupos de menores recursos de la poblaci\u00f3n. Mentira. Los zarandeos de los  impuestos lo sufren todos.<\/p>\n<\/p>\n<p>Si bien los nuevos impuestos o recargas impositivas no son lo ideal, es dif\u00edcil pensar c\u00f3mo se va a a elaborar el presupuesto del venidero a\u00f1o, si cuenta en su estructuraci\u00f3n con esos nuevos grav\u00e1menes y el sostenimiento en los niveles actuales de la prima del d\u00f3lar.<\/p>\n<\/p>\n<p>El gobierno tiene problemas econ\u00f3micos  no hay que ser un reputado economista para saberlo. Navega con un presupuesto que pr\u00e1cticamente lleg\u00f3 a sus l\u00edmites en el inicio de la presente pandemia. Es dif\u00edcil una recuperaci\u00f3n  inmediata.<\/p>\n<\/p>\n<p>A Luis Abinader le ha tocado gobernar en uno de los momentos m\u00e1s dif\u00edciles de la econom\u00eda nacional. No solo est\u00e1n cerradas todas las facilidades tur\u00edsticas y las exportaciones, l\u00edderes en la recaudaci\u00f3n impositiva, sino que casi todos los renglones productivos est\u00e1n agonizantes.<\/p>\n<\/p>\n<p>El gobierno tiene compromisos que cumplir, incluyendo en el \u00e1rea de la salud, la educaci\u00f3n, las \u00e1reas de protecci\u00f3n y el mantenimiento de la administraci\u00f3n p\u00fablica. El Estado no puede colapsar, porque ello producir\u00eda una vac\u00edo institucional peligroso.<\/p>\n<\/p>\n<p>Por tanto, deben abocarse los t\u00e9cnicos gubernamental en buscar la f\u00f3rmula que les permite obtener recaudaciones sin aumentar los impuestos. La apertura global del comercio y la industria podr\u00eda significar un gran respiro y una entrada de fondos.<\/p>\n<\/p>\n<p>Pero la reapertura depende del control de la pandemia. En Europa se dieron pasos a la normalizaci\u00f3n, y est\u00e1n dando marcha atr\u00e1s, ante el recrudecimiento de los casos de afectados, cuando se pensaba que ya hab\u00eda un control muy efectivo.<\/p>\n<\/p>\n<p>Los dominicanos tenemos que poner todo nuestro esfuerzo en respetar las medidas sanitarias, porque el control del Cobid-19 significa el retorno de la  normalidad; que los cesantes vuelvan a sus trabajos y que las actividades productivas se reanuden en un ciento por ciento. Es inaceptable ampliar el paquete impositivo. \u00a1Ay!, se me acab\u00f3 la tinta.<\/p>\n<\/p>\n<h6> 2020-10-07 14:11:10 <\/h6>\n<p><!--\n<link rel=\"stylesheet\" href=\"css\/bootstrap.min.css\">\n\n\n<ul class=\"pagination\">\n\t    \n\t\n\n<li >\n\t<a href='?page_no=48'>Previous<\/a>\n\t<\/li>\n\n\n       \n    \n\n<li><a href='?page_no=1'>1<\/a><\/li>\n\n\n\n<li><a href='?page_no=2'>2<\/a><\/li>\n\n\n\n<li><a>...<\/a><\/li>\n\n\n\n<li><a href='?page_no=47'>47<\/a><\/li>\n\n\n\n<li><a href='?page_no=48'>48<\/a><\/li>\n\n\n\n<li class='active'><a>49<\/a><\/li>\n\n\n\n<li><a href='?page_no=50'>50<\/a><\/li>\n\n\n\n<li><a href='?page_no=51'>51<\/a><\/li>\n\n\n\n<li><a>...<\/a><\/li>\n\n\n\n<li><a href='?page_no=13611'>13611<\/a><\/li>\n\n\n\n<li><a href='?page_no=13612'>13612<\/a><\/li>\n\n    \n\t\n\n<li >\n\t<a href='?page_no=50'>Next<\/a>\n\t<\/li>\n\n\n    \n\n<li><a href='?page_no=13612'>Last &rsaquo;&rsaquo;<\/a><\/li>\n\n<\/ul>\n\n\n--><br \/>\n<\/body><\/p>\n","protected":false},"excerpt":{"rendered":"<p>A Pleno Sol Impuestos Inaceptables Por Manuel Hern\u00e1ndez Villeta Es inaceptable la ampliaci\u00f3n del paquete impositivo. Ahora mismo los impuestos castigan a todos los dominicanos, mientras no se controlan la inflaci\u00f3n y el agiotismo. No son ciertas las posiciones de muchos economistas de que cuando se trata de impuestos selectivos, los mismos no golp\u00e8an a [&hellip;]<\/p>\n","protected":false},"author":3,"featured_media":0,"comment_status":"open","ping_status":"open","sticky":false,"template":"","format":"standard","meta":{"footnotes":""},"categories":[16],"tags":[],"class_list":["post-41825","post","type-post","status-publish","format-standard","hentry","category-opiniones"],"_links":{"self":[{"href":"https:\/\/diariodominicano.com\/index.php?rest_route=\/wp\/v2\/posts\/41825","targetHints":{"allow":["GET"]}}],"collection":[{"href":"https:\/\/diariodominicano.com\/index.php?rest_route=\/wp\/v2\/posts"}],"about":[{"href":"https:\/\/diariodominicano.com\/index.php?rest_route=\/wp\/v2\/types\/post"}],"author":[{"embeddable":true,"href":"https:\/\/diariodominicano.com\/index.php?rest_route=\/wp\/v2\/users\/3"}],"replies":[{"embeddable":true,"href":"https:\/\/diariodominicano.com\/index.php?rest_route=%2Fwp%2Fv2%2Fcomments&post=41825"}],"version-history":[{"count":0,"href":"https:\/\/diariodominicano.com\/index.php?rest_route=\/wp\/v2\/posts\/41825\/revisions"}],"wp:attachment":[{"href":"https:\/\/diariodominicano.com\/index.php?rest_route=%2Fwp%2Fv2%2Fmedia&parent=41825"}],"wp:term":[{"taxonomy":"category","embeddable":true,"href":"https:\/\/diariodominicano.com\/index.php?rest_route=%2Fwp%2Fv2%2Fcategories&post=41825"},{"taxonomy":"post_tag","embeddable":true,"href":"https:\/\/diariodominicano.com\/index.php?rest_route=%2Fwp%2Fv2%2Ftags&post=41825"}],"curies":[{"name":"wp","href":"https:\/\/api.w.org\/{rel}","templated":true}]}}