{"id":418167,"date":"2023-02-20T00:05:47","date_gmt":"2023-02-20T04:05:47","guid":{"rendered":"http:\/\/diariodominicano.com\/?p=418167"},"modified":"2023-02-20T00:05:47","modified_gmt":"2023-02-20T04:05:47","slug":"en-primeros-50-dias-2023-en-usa-van-5771-personas-fallecidas-y-4274-heridas-por-balas","status":"publish","type":"post","link":"https:\/\/diariodominicano.com\/?p=418167","title":{"rendered":"En primeros 50 d\u00edas 2023 en USA van 5,771 personas fallecidas y 4,274 heridas por balas"},"content":{"rendered":"\n<p><\/p>\n\n\n\n<p><strong>Por Ram\u00f3n Mercedes<\/strong><\/p>\n\n\n\n<p><strong>NUEVA YORK.-&nbsp;<\/strong>En los primeros 50 d\u00edas del presente a\u00f1o, que se cumplieron este domingo, en los Estados Unidos, donde residen 2.4 millones de dominicanos van 5,771 personas fallecidas y 4,274 heridas por balas.<\/p>\n\n\n\n<p>Algunos de estos hechos sucedieron en la Gran Manzana.<\/p>\n\n\n\n<p>Los fallecidos son 2,469 por homicidios y 3,302 por suicidio, entre ellos 48 personas en 76 tiroteos masivos; 30 menores de 11 a\u00f1os de edad; 207 entre las edades de 12 y 17; adem\u00e1s, 9 polic\u00edas y 181 civiles a manos de la uniformada.<\/p>\n\n\n\n<p>Entre los heridos se encuentran 74 menores de 11 a\u00f1os; 474 entre las edades de 12 y 17; 54 polic\u00edas; y 111 civiles a manos de la uniformada.<\/p>\n\n\n\n<p>En el 2022 hubo 44,311 v\u00edctimas de balas y 38,568 heridas, algunos de gravedad, en territorio estadounidense<\/p>\n\n\n\n<p>Estas estad\u00edsticas aparecen en \u201cArchivo de Violencia Armada (GVA), entidad sin fines de lucro con sede en Washington DC, que documenta incidentes de violencia armada y delitos con armas de fuego en todo el territorio estadounidense.<\/p>\n\n\n\n<p>La Segunda Enmienda a la Constituci\u00f3n de USA, protege el derecho del pueblo estadounidense a poseer y portar armas de fuego.<\/p>\n\n\n\n<p>Es uno de los pa\u00edses con menores limitaciones en el mundo para adquirir y portar armas.<\/p>\n","protected":false},"excerpt":{"rendered":"<p>Por Ram\u00f3n Mercedes NUEVA YORK.-&nbsp;En los primeros 50 d\u00edas del presente a\u00f1o, que se cumplieron este domingo, en los Estados Unidos, donde residen 2.4 millones de dominicanos van 5,771 personas fallecidas y 4,274 heridas por balas. Algunos de estos hechos sucedieron en la Gran Manzana. Los fallecidos son 2,469 por homicidios y 3,302 por suicidio, [&hellip;]<\/p>\n","protected":false},"author":28,"featured_media":418168,"comment_status":"closed","ping_status":"","sticky":true,"template":"","format":"standard","meta":{"footnotes":""},"categories":[23,29,27],"tags":[],"class_list":["post-418167","post","type-post","status-publish","format-standard","has-post-thumbnail","hentry","category-internacional","category-policiasucesos","category-portada"],"_links":{"self":[{"href":"https:\/\/diariodominicano.com\/index.php?rest_route=\/wp\/v2\/posts\/418167","targetHints":{"allow":["GET"]}}],"collection":[{"href":"https:\/\/diariodominicano.com\/index.php?rest_route=\/wp\/v2\/posts"}],"about":[{"href":"https:\/\/diariodominicano.com\/index.php?rest_route=\/wp\/v2\/types\/post"}],"author":[{"embeddable":true,"href":"https:\/\/diariodominicano.com\/index.php?rest_route=\/wp\/v2\/users\/28"}],"replies":[{"embeddable":true,"href":"https:\/\/diariodominicano.com\/index.php?rest_route=%2Fwp%2Fv2%2Fcomments&post=418167"}],"version-history":[{"count":1,"href":"https:\/\/diariodominicano.com\/index.php?rest_route=\/wp\/v2\/posts\/418167\/revisions"}],"predecessor-version":[{"id":418169,"href":"https:\/\/diariodominicano.com\/index.php?rest_route=\/wp\/v2\/posts\/418167\/revisions\/418169"}],"wp:featuredmedia":[{"embeddable":true,"href":"https:\/\/diariodominicano.com\/index.php?rest_route=\/wp\/v2\/media\/418168"}],"wp:attachment":[{"href":"https:\/\/diariodominicano.com\/index.php?rest_route=%2Fwp%2Fv2%2Fmedia&parent=418167"}],"wp:term":[{"taxonomy":"category","embeddable":true,"href":"https:\/\/diariodominicano.com\/index.php?rest_route=%2Fwp%2Fv2%2Fcategories&post=418167"},{"taxonomy":"post_tag","embeddable":true,"href":"https:\/\/diariodominicano.com\/index.php?rest_route=%2Fwp%2Fv2%2Ftags&post=418167"}],"curies":[{"name":"wp","href":"https:\/\/api.w.org\/{rel}","templated":true}]}}