{"id":41803,"date":"2019-10-14T00:16:55","date_gmt":"2019-10-14T00:16:55","guid":{"rendered":"http:\/\/diariodominicano.ddns.net\/?p=41803"},"modified":"2019-10-14T00:16:55","modified_gmt":"2019-10-14T00:16:55","slug":"a-pleno-solel-pan-y-el-platano","status":"publish","type":"post","link":"https:\/\/diariodominicano.com\/?p=41803","title":{"rendered":"&#13;&#13;A Pleno Sol&#13;&#13;El pan y el pl\u00e1tano"},"content":{"rendered":"<p><body><\/p>\n<p><strong>Por Manuel Hern\u00e1ndez Villeta<\/strong><\/p>\n<\/p>\n<\/p>\n<p>El pan, el pl\u00e1tano y el agua potable pueden definir los resultados de las  pr\u00f3ximas elecciones generales. En Francia ocurri\u00f3 una revoluci\u00f3n cuando escase\u00f3 el pan. En Am\u00e9rica Latina, los aumentos en productos de primera necesidad provocaron pobladas y muertes a granel.<\/p>\n<\/p>\n<p>En la Rep\u00fablica Dominicana las masas se lanzaron a las calles cuando fueron reajustados los precios de los art\u00edculos de primera necesidad.  El 23, 24 y 25 de abril de  1984 se produjo una explosi\u00f3n social que fue parada con la utilizaci\u00f3n indiscriminada de la fuerza.<\/p>\n<\/p>\n<p>Lo m\u00e1s sensible para la poblaci\u00f3n es a como se valoran los comestibles, las medicinas y el alquiler de las viviendas y el pasaje en carros y guaguas p\u00fablicos. Aumentos desproporcionados en estos renglones crean focos de protestas.<\/p>\n<\/p>\n<p>El pan, el pl\u00e1tano y el agua embotellada subieron de precios en los pasados d\u00edas. Se torna necesario que se haga una evaluaci\u00f3n real de su valor, para hacerlos asequibles a las grandes masas. Pobres y ricos consumen a diario pan y pl\u00e1tanos, pero a los m\u00e1s necesitados  son los que sufren cuando se les aumenta el precio.<\/p>\n<\/p>\n<p>En las venideras elecciones, aunque luzca que est\u00e1n muy lejos, los precios de la hoya popular van a  fijar una parte importante de la popularidad y de los votos. Con el d\u00f3lar sometiendo el peso a una constante devaluaci\u00f3n, los art\u00edculos obligatoriamente tendr\u00e1n que seguir subiendo. No se olvide que la materia prima del pan, la harina, se tiene que adquirir en d\u00f3lares, y los insumos del pl\u00e1tano tambi\u00e9n.<\/p>\n<\/p>\n<p>Pongo de ejemplo el pan y el pl\u00e1tano por ser el desayuno o la cena b\u00e1sica de los dominicanos. Esto se puede extender a otros renglones de la vida nacional. Por ejemplo las medicinas, y un art\u00edculo de gran necesidad como el agua purificada. A nadie se le ocurrir\u00eda tomar el l\u00edquido directamente de las ca\u00f1er\u00edas.<\/p>\n<\/p>\n<p>Ahora mismo no hay un organismo con la fuerza suficiente para detener el agiotismo y la especulaci\u00f3n. El mercado est\u00e1 a la oferta y la demanda.  Es el  vaiv\u00e9n del mercado que establece los precios de venta al mercado.<\/p>\n<\/p>\n<p>Siempre he dicho que  fue un error  eliminar el control de precios. Cierto que se torn\u00f3 en un nido que serv\u00eda para las ambiciones y el picoteo de muchos, pero tambi\u00e9n hab\u00edan inspectores serios y responsables.<\/p>\n<\/p>\n<p>Pero con las elecciones del pr\u00f3ximo a\u00f1o se acercan, es necesario que sin importar si se est\u00e1 en el gobierno o en la oposici\u00f3n, se tenga bien en cuenta que, el desbordamiento del alto costo de la vida podr\u00eda ser lo primero a tomar en cuenta al momento de depositar el voto. \u00a1Ay!, se me acab\u00f3 la tinta.<\/p>\n<\/p>\n<\/p>\n<h6> 2019-10-14 00:16:55 <\/h6>\n<p><!--\n<link rel=\"stylesheet\" href=\"css\/bootstrap.min.css\">\n\n\n<ul class=\"pagination\">\n\t    \n\t\n\n<li >\n\t<a href='?page_no=487'>Previous<\/a>\n\t<\/li>\n\n\n       \n    \n\n<li><a href='?page_no=1'>1<\/a><\/li>\n\n\n\n<li><a href='?page_no=2'>2<\/a><\/li>\n\n\n\n<li><a>...<\/a><\/li>\n\n\n\n<li><a href='?page_no=486'>486<\/a><\/li>\n\n\n\n<li><a href='?page_no=487'>487<\/a><\/li>\n\n\n\n<li class='active'><a>488<\/a><\/li>\n\n\n\n<li><a href='?page_no=489'>489<\/a><\/li>\n\n\n\n<li><a href='?page_no=490'>490<\/a><\/li>\n\n\n\n<li><a>...<\/a><\/li>\n\n\n\n<li><a href='?page_no=13611'>13611<\/a><\/li>\n\n\n\n<li><a href='?page_no=13612'>13612<\/a><\/li>\n\n    \n\t\n\n<li >\n\t<a href='?page_no=489'>Next<\/a>\n\t<\/li>\n\n\n    \n\n<li><a href='?page_no=13612'>Last &rsaquo;&rsaquo;<\/a><\/li>\n\n<\/ul>\n\n\n--><br \/>\n<\/body><\/p>\n","protected":false},"excerpt":{"rendered":"<p>Por Manuel Hern\u00e1ndez Villeta El pan, el pl\u00e1tano y el agua potable pueden definir los resultados de las pr\u00f3ximas elecciones generales. En Francia ocurri\u00f3 una revoluci\u00f3n cuando escase\u00f3 el pan. En Am\u00e9rica Latina, los aumentos en productos de primera necesidad provocaron pobladas y muertes a granel. En la Rep\u00fablica Dominicana las masas se lanzaron a [&hellip;]<\/p>\n","protected":false},"author":3,"featured_media":0,"comment_status":"open","ping_status":"open","sticky":false,"template":"","format":"standard","meta":{"footnotes":""},"categories":[16],"tags":[],"class_list":["post-41803","post","type-post","status-publish","format-standard","hentry","category-opiniones"],"_links":{"self":[{"href":"https:\/\/diariodominicano.com\/index.php?rest_route=\/wp\/v2\/posts\/41803","targetHints":{"allow":["GET"]}}],"collection":[{"href":"https:\/\/diariodominicano.com\/index.php?rest_route=\/wp\/v2\/posts"}],"about":[{"href":"https:\/\/diariodominicano.com\/index.php?rest_route=\/wp\/v2\/types\/post"}],"author":[{"embeddable":true,"href":"https:\/\/diariodominicano.com\/index.php?rest_route=\/wp\/v2\/users\/3"}],"replies":[{"embeddable":true,"href":"https:\/\/diariodominicano.com\/index.php?rest_route=%2Fwp%2Fv2%2Fcomments&post=41803"}],"version-history":[{"count":0,"href":"https:\/\/diariodominicano.com\/index.php?rest_route=\/wp\/v2\/posts\/41803\/revisions"}],"wp:attachment":[{"href":"https:\/\/diariodominicano.com\/index.php?rest_route=%2Fwp%2Fv2%2Fmedia&parent=41803"}],"wp:term":[{"taxonomy":"category","embeddable":true,"href":"https:\/\/diariodominicano.com\/index.php?rest_route=%2Fwp%2Fv2%2Fcategories&post=41803"},{"taxonomy":"post_tag","embeddable":true,"href":"https:\/\/diariodominicano.com\/index.php?rest_route=%2Fwp%2Fv2%2Ftags&post=41803"}],"curies":[{"name":"wp","href":"https:\/\/api.w.org\/{rel}","templated":true}]}}