{"id":417937,"date":"2023-02-18T13:43:52","date_gmt":"2023-02-18T17:43:52","guid":{"rendered":"http:\/\/diariodominicano.com\/?p=417937"},"modified":"2025-12-29T01:04:43","modified_gmt":"2025-12-29T05:04:43","slug":"indonesia-distingue-a-prensa-latina-con-premio-a-la-profesionalidad-fotos","status":"publish","type":"post","link":"https:\/\/diariodominicano.com\/?p=417937","title":{"rendered":"Indonesia distingue a Prensa Latina con Premio a la Profesionalidad (+Fotos)"},"content":{"rendered":"\n<p>La Habana, 18 feb (Prensa Latina) La Embajadora de Indonesia en Cuba, Nana Yuliana, confiri\u00f3 un reconocimiento especial a la Agencia de Noticias Prensa Latina por la seriedad y profesionalidad en la cobertura de la actualidad de ese pa\u00eds del Sudeste Asi\u00e1tico.&nbsp;&nbsp;&nbsp;&nbsp;<\/p>\n\n\n\n<ul class=\"wp-block-list\"><li>febrero 18, 2023<\/li><li>CST10:42 (GMT) -0500<\/li><\/ul>\n\n\n\n<p>Yuliana entreg\u00f3 la distinci\u00f3n a Luis Enrique Gonz\u00e1lez, presidente de ese grupo de medios, en la ceremonia de celebraci\u00f3n en La Habana por el aniversario 63 de las relaciones entre Cuba e Indonesia, en las cuales destac\u00f3 se trabaja hoy con prioridad para reforzarlas en el plano pol\u00edtico, econ\u00f3mico, el comercio y las inversiones.<\/p>\n\n\n\n<p>Como contribuci\u00f3n a esos v\u00ednculos para acercar los pueblos a trav\u00e9s de la informaci\u00f3n Prensa Latina y la agencia indonesia ANTARA revisan actualmente un borrador de acuerdo de cooperaci\u00f3n, intercambio de noticias y apoyo a la labor period\u00edstica que firmar\u00e1n pr\u00f3ximamente.<\/p>\n\n\n\n<p>En la colorida actividad que resalt\u00f3 aspectos de la cultura de esa naci\u00f3n del Sudeste Asi\u00e1tico participaron embajadores y otros miembros del cuerpo diplom\u00e1tico y en representaci\u00f3n del gobierno cubano estuvieron la vicecanciller Anayansi Rodr\u00edguez, la viceministra de Comercio Exterior e Inversiones D\u00e9borah Rivas y el director de Asia de la Canciller\u00eda, H\u00e9ctor Blanco, as\u00ed como funcionarios de otras instituciones.<\/p>\n\n\n\n<div class=\"wp-block-image\"><figure class=\"aligncenter\"><img decoding=\"async\" src=\"https:\/\/www.prensa-latina.cu\/wp-content\/uploads\/2023\/02\/premio-de-Indonesia-a-PL.jpg\" alt=\"\" class=\"wp-image-421585\"\/><\/figure><\/div>\n\n\n\n<p>Cuba se ha convertido en un importante socio comercial para Indonesia en la regi\u00f3n del Caribe, manifest\u00f3 la jefa de Misi\u00f3n quien refiri\u00f3, a manera de ejemplo, que una cadena hotelera de su pa\u00eds administra seis establecimiento de primera l\u00ednea en la isla.<\/p>\n\n\n\n<p>Se trata del grupo Archipelago International que gerencia los hoteles Grand Aston en La Habana, Varadero, Cayo Las Brujas, Cayo Coco y Hogu\u00edn.<\/p>\n\n\n\n<p>Debido a la pandemia, el intercambio comercial decay\u00f3 un poco, \u201cpero los n\u00fameros no reflejan el verdadero potencial que tienen ambos pa\u00edses para desarrollar los nexos econ\u00f3micos\u201d, se\u00f1al\u00f3.<\/p>\n\n\n\n<p>La embajadora record\u00f3 que Jakarta oficializ\u00f3 los v\u00ednculos con Cuba el 22 de enero de 1960 luego de la visita del Comandante Ernesto Che Guevara a su pa\u00eds en julio de 1959, y en junio de 1960 el entonces presidente Sukarno fue el primer dignatario en visitar La Habana tras el triunfo de la revoluci\u00f3n.<\/p>\n\n\n\n<p>\u201cY hoy, a 63 a\u00f1os de ese comienzo, las relaciones se fortalecen\u201d, afirm\u00f3 Yuliana quien enumer\u00f3 las visitas en 2022 de funcionarios de alto nivel a Cuba que tuvieron de colof\u00f3n la firma de un memorando de entendimiento sobre excepci\u00f3n de visa.<\/p>\n\n\n\n<p>Ilustr\u00f3 que ambos gobiernos se han brindado respaldo en numerosos c\u00f3nclaves internacionales como el apoyo a candidaturas en el Consejo de Seguridad de la ONU, el Consejo de Derechos Humanos y la Uni\u00f3n Internacional de Telecomunicaciones, entre otros.<\/p>\n\n\n\n<div class=\"wp-block-image\"><figure class=\"aligncenter\"><img decoding=\"async\" src=\"https:\/\/www.prensa-latina.cu\/wp-content\/uploads\/2023\/02\/Indonesia-cultura.jpg\" alt=\"\" class=\"wp-image-421587\"\/><\/figure><\/div>\n\n\n\n<p>El gobierno indonesio \u2013recalc\u00f3- ha mantenido firme su postura de rechazo a la pol\u00edtica de guerra econ\u00f3mica, comercial y financiera de Estados Unidos contra la isla.<\/p>\n\n\n\n<p>Nueve j\u00f3venes de ese pa\u00eds se graduaron en Cuba y otros tres cursan estudios superiores, al tiempo que se reanud\u00f3 la colaboraci\u00f3n deportiva; un entrenador de boxeo comenz\u00f3 a trabajar con el equipo nacional. \u201cExisten las bases para que esta cooperaci\u00f3n educativa y en los deportes pueda ampliarse\u201d, asever\u00f3 la embajadora.<\/p>\n\n\n\n<p>mh<\/p>\n","protected":false},"excerpt":{"rendered":"<p>La Habana, 18 feb (Prensa Latina) La Embajadora de Indonesia en Cuba, Nana Yuliana, confiri\u00f3 un reconocimiento especial a la Agencia de Noticias Prensa Latina por la seriedad y profesionalidad en la cobertura de la actualidad de ese pa\u00eds del Sudeste Asi\u00e1tico.&nbsp;&nbsp;&nbsp;&nbsp; febrero 18, 2023 CST10:42 (GMT) -0500 Yuliana entreg\u00f3 la distinci\u00f3n a Luis Enrique [&hellip;]<\/p>\n","protected":false},"author":28,"featured_media":417938,"comment_status":"closed","ping_status":"closed","sticky":false,"template":"","format":"standard","meta":{"footnotes":""},"categories":[36,23],"tags":[3556],"class_list":["post-417937","post","type-post","status-publish","format-standard","has-post-thumbnail","hentry","category-hombresmujeresycosas","category-internacional","tag-prensa-latina"],"_links":{"self":[{"href":"https:\/\/diariodominicano.com\/index.php?rest_route=\/wp\/v2\/posts\/417937","targetHints":{"allow":["GET"]}}],"collection":[{"href":"https:\/\/diariodominicano.com\/index.php?rest_route=\/wp\/v2\/posts"}],"about":[{"href":"https:\/\/diariodominicano.com\/index.php?rest_route=\/wp\/v2\/types\/post"}],"author":[{"embeddable":true,"href":"https:\/\/diariodominicano.com\/index.php?rest_route=\/wp\/v2\/users\/28"}],"replies":[{"embeddable":true,"href":"https:\/\/diariodominicano.com\/index.php?rest_route=%2Fwp%2Fv2%2Fcomments&post=417937"}],"version-history":[{"count":1,"href":"https:\/\/diariodominicano.com\/index.php?rest_route=\/wp\/v2\/posts\/417937\/revisions"}],"predecessor-version":[{"id":417939,"href":"https:\/\/diariodominicano.com\/index.php?rest_route=\/wp\/v2\/posts\/417937\/revisions\/417939"}],"wp:featuredmedia":[{"embeddable":true,"href":"https:\/\/diariodominicano.com\/index.php?rest_route=\/wp\/v2\/media\/417938"}],"wp:attachment":[{"href":"https:\/\/diariodominicano.com\/index.php?rest_route=%2Fwp%2Fv2%2Fmedia&parent=417937"}],"wp:term":[{"taxonomy":"category","embeddable":true,"href":"https:\/\/diariodominicano.com\/index.php?rest_route=%2Fwp%2Fv2%2Fcategories&post=417937"},{"taxonomy":"post_tag","embeddable":true,"href":"https:\/\/diariodominicano.com\/index.php?rest_route=%2Fwp%2Fv2%2Ftags&post=417937"}],"curies":[{"name":"wp","href":"https:\/\/api.w.org\/{rel}","templated":true}]}}