{"id":417934,"date":"2023-02-18T13:37:45","date_gmt":"2023-02-18T17:37:45","guid":{"rendered":"http:\/\/diariodominicano.com\/?p=417934"},"modified":"2023-02-18T13:37:45","modified_gmt":"2023-02-18T17:37:45","slug":"la-policia-nacional-apresa-hombre-por-agresion-fisica-a-su-pareja","status":"publish","type":"post","link":"https:\/\/diariodominicano.com\/?p=417934","title":{"rendered":"La Polic\u00eda Nacional apresa hombre por agresi\u00f3n f\u00edsica a su pareja"},"content":{"rendered":"\n<p><strong>Santiago de los Caballeros, 18 de Febrero del 2023.-<\/strong>\u00a0Agentes policiales adscritos a la Subdirecci\u00f3n Regional Cibao Central, apresaron a un hombre luego de haber agredido f\u00edsicamente a su concubina, durante una discusi\u00f3n por asuntos pasionales en el municipio Tamboril, inform\u00f3 el s\u00e1bado la  Subdirecci\u00f3n Regional Cibao Central,  PN .<\/p>\n\n\n\n<p>Se trata de V\u00edctor Eduardo Rodr\u00edguez Cerda, de 38 a\u00f1os de edad, quien fue apresado en Villa Gonz\u00e1lez, por agredir a su pareja, ocasion\u00e1ndole golpe contuso en la cabeza.<\/p>\n\n\n\n<p>Seg\u00fan diagn\u00f3stico m\u00e9dico, la agredida presenta herida y trauma en la parte frontal del cr\u00e1neo.<\/p>\n\n\n\n<p>En cuanto al detenido fue enviado al departamento de\u00a0\u00a0Violencia de G\u00e9nero para los fines correspondientes de ley.<\/p>\n\n\n\n<p>policia nacional<a target=\"_blank\" href=\"mailto:npolicia14@gmail.com\" rel=\"noreferrer noopener\">npolicia14@gmail.com<\/a><\/p>\n\n\n\n<p><strong>OFICINA DE INFORMACI\u00d3N Y COMUNICACIONES ESTRAT\u00c9GICAS DIRECCI\u00d3N REGIONAL CIBAO CENTRAL DE LA POLIC\u00cdA NACIONAL.<\/strong><\/p>\n","protected":false},"excerpt":{"rendered":"<p>Santiago de los Caballeros, 18 de Febrero del 2023.-\u00a0Agentes policiales adscritos a la Subdirecci\u00f3n Regional Cibao Central, apresaron a un hombre luego de haber agredido f\u00edsicamente a su concubina, durante una discusi\u00f3n por asuntos pasionales en el municipio Tamboril, inform\u00f3 el s\u00e1bado la Subdirecci\u00f3n Regional Cibao Central, PN . Se trata de V\u00edctor Eduardo Rodr\u00edguez [&hellip;]<\/p>\n","protected":false},"author":28,"featured_media":417935,"comment_status":"closed","ping_status":"","sticky":true,"template":"","format":"standard","meta":{"footnotes":""},"categories":[29,27],"tags":[],"class_list":["post-417934","post","type-post","status-publish","format-standard","has-post-thumbnail","hentry","category-policiasucesos","category-portada"],"_links":{"self":[{"href":"https:\/\/diariodominicano.com\/index.php?rest_route=\/wp\/v2\/posts\/417934","targetHints":{"allow":["GET"]}}],"collection":[{"href":"https:\/\/diariodominicano.com\/index.php?rest_route=\/wp\/v2\/posts"}],"about":[{"href":"https:\/\/diariodominicano.com\/index.php?rest_route=\/wp\/v2\/types\/post"}],"author":[{"embeddable":true,"href":"https:\/\/diariodominicano.com\/index.php?rest_route=\/wp\/v2\/users\/28"}],"replies":[{"embeddable":true,"href":"https:\/\/diariodominicano.com\/index.php?rest_route=%2Fwp%2Fv2%2Fcomments&post=417934"}],"version-history":[{"count":1,"href":"https:\/\/diariodominicano.com\/index.php?rest_route=\/wp\/v2\/posts\/417934\/revisions"}],"predecessor-version":[{"id":417936,"href":"https:\/\/diariodominicano.com\/index.php?rest_route=\/wp\/v2\/posts\/417934\/revisions\/417936"}],"wp:featuredmedia":[{"embeddable":true,"href":"https:\/\/diariodominicano.com\/index.php?rest_route=\/wp\/v2\/media\/417935"}],"wp:attachment":[{"href":"https:\/\/diariodominicano.com\/index.php?rest_route=%2Fwp%2Fv2%2Fmedia&parent=417934"}],"wp:term":[{"taxonomy":"category","embeddable":true,"href":"https:\/\/diariodominicano.com\/index.php?rest_route=%2Fwp%2Fv2%2Fcategories&post=417934"},{"taxonomy":"post_tag","embeddable":true,"href":"https:\/\/diariodominicano.com\/index.php?rest_route=%2Fwp%2Fv2%2Ftags&post=417934"}],"curies":[{"name":"wp","href":"https:\/\/api.w.org\/{rel}","templated":true}]}}