{"id":41792,"date":"2019-10-14T10:08:06","date_gmt":"2019-10-14T10:08:06","guid":{"rendered":"http:\/\/diariodominicano.ddns.net\/?p=41792"},"modified":"2019-10-14T10:08:06","modified_gmt":"2019-10-14T10:08:06","slug":"el-pais-necesita-su-lider-encabece-defensa","status":"publish","type":"post","link":"https:\/\/diariodominicano.com\/?p=41792","title":{"rendered":"\u00a1EL PAIS NECESITA SU L\u00cdDER&#13; ENCABECE DEFENSA!"},"content":{"rendered":"<p><body><\/p>\n<p><strong>FRANKLIN ALMEYDA RANCIER<\/strong><\/p>\n<\/p>\n<p>El Dr. Vinicho Castillo habl\u00f3 en su programa \u00abLa Respuesta\u00bb y dijo: \u00abA Leonel Fern\u00e1ndez le digo desde aqu\u00ed: El pa\u00eds necesita defensa, la defensa que tiene que hacer y la tiene que hacer aquel que tenga los m\u00e1s altos niveles de liderazgo; asuma la defensa del pueblo, encabece la defensa. En un tiempo desagraciado donde se corrompen tantas entidades que deben ser modelo de rectitud y de virtudes y se ve c\u00f3mo se hunde en la complacencia obscena, en la falta de virilidad, d\u00e1ndole apoyo al crimen\u00bb.<\/p>\n<\/p>\n<p>Es una exclamaci\u00f3n y reclamo de mucho sentido de responsabilidad. Eso es lo que este domingo ha hecho, el Dr Leonel Fern\u00e1ndez.<\/p>\n<\/p>\n<p>El liderazgo encarna las aspiraciones y valores de una parte importante de la poblaci\u00f3n, que se unifica en torno a la narrativa y el discurso sostenido por una figura con los mismos prop\u00f3sitos. <\/p>\n<\/p>\n<p>El l\u00edder se fortalece o se debilita, dependiendo de su certeza en plantear la direcci\u00f3n que conduzca a resultados buscados por la generalidad de sus seguidores. Esos resultados deseados se refieren a lo sustancial, al proceso mismo.<\/p>\n<\/p>\n<p>El pa\u00eds sabe que para la celebraci\u00f3n de estas primarias hubo un derroche descarado del presupuesto nacional, para realizar una campa\u00f1a en todos los medios, la cu\u00e1l sobre pas\u00f3 con creces los niveles de saturaci\u00f3n; hubo y hay presi\u00f3n sobre actores econ\u00f3micos, servidores p\u00fablicos y suplidores del Estado, al mismo tiempo que se han violentado los derechos.<\/p>\n<\/p>\n<p>La Naci\u00f3n presenci\u00f3 que los primeros resultados empezaron a darse antes del cierre de la votaci\u00f3n, actuaci\u00f3n violatoria a toda norma; equipos electr\u00f3nicos con fallas inducidas para favorecer a un candidato y compras de c\u00e9dulas que escaneadas se usaron para votar,<\/p>\n<\/p>\n<p>Fue una verg\u00fcenza nacional lo ocurrido en las primarias de mi partido, el cual fue fundado para crear instituciones que sean modelo de rectitud y virtudes. Un partido para servirle al pueblo dominicano, no para servirse de \u00e9l  como corporaci\u00f3n empresarial.<\/p>\n<\/p>\n<p>Si esto ocurri\u00f3 en unas elecciones primarias para escoger los candidatos del PLD, qu\u00e9 puede esperarse para las elecciones municipales de febrero y congresional y presidencial de mayo del 2020. <\/p>\n<\/p>\n<p>El pueblo vivi\u00f3 y presenci\u00f3 el bulto de actuaciones fraudulentas y ha terminado aprendiendo que esos medios se utilizan para electr\u00f3nicamente desnaturalizar la voluntad del pueblo.<\/p>\n<\/p>\n<p>Todo esto ha ocurrido con la participaci\u00f3n y complicidad de una entidad que est\u00e1 llamada a regular el proceso comicial, base del r\u00e9gimen democr\u00e1tico  creado por los  romanos y griegos, como instrumento de expresi\u00f3n de los pueblos.<\/p>\n<\/p>\n<p>Lo penoso es que desde el seno del PLD surgiera el grupo organizado que ha montado este mont\u00f3n de basura sobre la forma de un pueblo expresarse lib\u00e9rrimamente. <\/p>\n<\/p>\n<p>Los pelede\u00edstas debemos aferrarnos a los valores y separarnos de lo que ensucia las aguas y saliendo del r\u00edo, renunciando a un cuerpo que ha hecho met\u00e1stasis. Situemos nuestras fuerzas detr\u00e1s del que tiene  el m\u00e1s alto nivel de liderazgo y asumamos con militante dedicaci\u00f3n su narrativa y rumbo.<\/p>\n<\/p>\n<p>Los prop\u00f3sitos siguen siendo los mismos, lograr plena democracia, crecimiento y progreso con inclusi\u00f3n y un Estado social y de derechos  con s\u00f3lidas instituciones.<\/p>\n<\/p>\n<p>Si un sector  predomina y propicia una involuci\u00f3n pol\u00edtica, debemos organizarnos fuera del PLD en torno a Leonel Fern\u00e1ndez y otras  organizaciones, para  recuperar el pa\u00eds.<\/p>\n<\/p>\n<h6> 2019-10-14 10:08:06 <\/h6>\n<p><!--\n<link rel=\"stylesheet\" href=\"css\/bootstrap.min.css\">\n\n\n<ul class=\"pagination\">\n\t    \n\t\n\n<li >\n\t<a href='?page_no=486'>Previous<\/a>\n\t<\/li>\n\n\n       \n    \n\n<li><a href='?page_no=1'>1<\/a><\/li>\n\n\n\n<li><a href='?page_no=2'>2<\/a><\/li>\n\n\n\n<li><a>...<\/a><\/li>\n\n\n\n<li><a href='?page_no=485'>485<\/a><\/li>\n\n\n\n<li><a href='?page_no=486'>486<\/a><\/li>\n\n\n\n<li class='active'><a>487<\/a><\/li>\n\n\n\n<li><a href='?page_no=488'>488<\/a><\/li>\n\n\n\n<li><a href='?page_no=489'>489<\/a><\/li>\n\n\n\n<li><a>...<\/a><\/li>\n\n\n\n<li><a href='?page_no=13611'>13611<\/a><\/li>\n\n\n\n<li><a href='?page_no=13612'>13612<\/a><\/li>\n\n    \n\t\n\n<li >\n\t<a href='?page_no=488'>Next<\/a>\n\t<\/li>\n\n\n    \n\n<li><a href='?page_no=13612'>Last &rsaquo;&rsaquo;<\/a><\/li>\n\n<\/ul>\n\n\n--><br \/>\n<\/body><\/p>\n","protected":false},"excerpt":{"rendered":"<p>FRANKLIN ALMEYDA RANCIER El Dr. Vinicho Castillo habl\u00f3 en su programa \u00abLa Respuesta\u00bb y dijo: \u00abA Leonel Fern\u00e1ndez le digo desde aqu\u00ed: El pa\u00eds necesita defensa, la defensa que tiene que hacer y la tiene que hacer aquel que tenga los m\u00e1s altos niveles de liderazgo; asuma la defensa del pueblo, encabece la defensa. En [&hellip;]<\/p>\n","protected":false},"author":3,"featured_media":0,"comment_status":"open","ping_status":"open","sticky":false,"template":"","format":"standard","meta":{"footnotes":""},"categories":[16],"tags":[],"class_list":["post-41792","post","type-post","status-publish","format-standard","hentry","category-opiniones"],"_links":{"self":[{"href":"https:\/\/diariodominicano.com\/index.php?rest_route=\/wp\/v2\/posts\/41792","targetHints":{"allow":["GET"]}}],"collection":[{"href":"https:\/\/diariodominicano.com\/index.php?rest_route=\/wp\/v2\/posts"}],"about":[{"href":"https:\/\/diariodominicano.com\/index.php?rest_route=\/wp\/v2\/types\/post"}],"author":[{"embeddable":true,"href":"https:\/\/diariodominicano.com\/index.php?rest_route=\/wp\/v2\/users\/3"}],"replies":[{"embeddable":true,"href":"https:\/\/diariodominicano.com\/index.php?rest_route=%2Fwp%2Fv2%2Fcomments&post=41792"}],"version-history":[{"count":0,"href":"https:\/\/diariodominicano.com\/index.php?rest_route=\/wp\/v2\/posts\/41792\/revisions"}],"wp:attachment":[{"href":"https:\/\/diariodominicano.com\/index.php?rest_route=%2Fwp%2Fv2%2Fmedia&parent=41792"}],"wp:term":[{"taxonomy":"category","embeddable":true,"href":"https:\/\/diariodominicano.com\/index.php?rest_route=%2Fwp%2Fv2%2Fcategories&post=41792"},{"taxonomy":"post_tag","embeddable":true,"href":"https:\/\/diariodominicano.com\/index.php?rest_route=%2Fwp%2Fv2%2Ftags&post=41792"}],"curies":[{"name":"wp","href":"https:\/\/api.w.org\/{rel}","templated":true}]}}