{"id":417856,"date":"2023-02-18T00:08:20","date_gmt":"2023-02-18T04:08:20","guid":{"rendered":"http:\/\/diariodominicano.com\/?p=417856"},"modified":"2023-02-18T00:08:20","modified_gmt":"2023-02-18T04:08:20","slug":"reportan-autoridades-garantizan-suministro-de-electricidad-y-agua-este-sabado-durante-suspension-de-servicios-por-mantenimiento-en-la-victoria","status":"publish","type":"post","link":"https:\/\/diariodominicano.com\/?p=417856","title":{"rendered":"Reportan autoridades garantizan suministro de electricidad y agua este s\u00e1bado durante suspensi\u00f3n de servicios por mantenimiento en La Victoria"},"content":{"rendered":"\n<p>SANTO DOMINGO, REP\u00daBLICA DOMINICANA.- La Direcci\u00f3n General de Servicios Penitenciarios y Correccionales asegur\u00f3 que cuenta con los insumos necesarios para garantizar el suministro de electricidad en las \u00e1reas comunes, as\u00ed como el servicio de agua corriente en el Centro de Privaci\u00f3n de Libertad de La Victoria, donde la empresa distribuidora de electricidad anunci\u00f3 la suspensi\u00f3n del servicio en el circuito por espacio de 6 horas este s\u00e1bado 18 de febrero.<\/p>\n\n\n\n<p>La direcci\u00f3n del recinto penitenciario inform\u00f3 que cuenta con planta el\u00e9ctrica para iluminar todas las \u00e1reas comunes y que tiene suficiente provisi\u00f3n de combustible para cubrir el per\u00edodo de suspensi\u00f3n del servicio de energ\u00eda el\u00e9ctrica, de 9:00 de la ma\u00f1ana a 3:00 de la tarde, y tambi\u00e9n disponen de suficiente agua en la cisterna.<\/p>\n\n\n\n<p>La suspensi\u00f3n del servicio el\u00e9ctrico se debe a mantenimiento rutinario de l\u00ednea, seg\u00fan se informa en el aviso de la empresa distribuidora de electricidad.<\/p>\n\n\n\n<p>Direcci\u00f3n General de Comunicaci\u00f3n, Prensa, y RRPP<\/p>\n\n\n\n<p>Ministerio P\u00fablico.&nbsp;R.D.<\/p>\n\n\n\n<p>Viernes, 17 de febrero de 2023.<\/p>\n","protected":false},"excerpt":{"rendered":"<p>SANTO DOMINGO, REP\u00daBLICA DOMINICANA.- La Direcci\u00f3n General de Servicios Penitenciarios y Correccionales asegur\u00f3 que cuenta con los insumos necesarios para garantizar el suministro de electricidad en las \u00e1reas comunes, as\u00ed como el servicio de agua corriente en el Centro de Privaci\u00f3n de Libertad de La Victoria, donde la empresa distribuidora de electricidad anunci\u00f3 la suspensi\u00f3n [&hellip;]<\/p>\n","protected":false},"author":28,"featured_media":369678,"comment_status":"closed","ping_status":"","sticky":true,"template":"","format":"standard","meta":{"footnotes":""},"categories":[24,29,27],"tags":[],"class_list":["post-417856","post","type-post","status-publish","format-standard","has-post-thumbnail","hentry","category-justicia-y-derecho","category-policiasucesos","category-portada"],"_links":{"self":[{"href":"https:\/\/diariodominicano.com\/index.php?rest_route=\/wp\/v2\/posts\/417856","targetHints":{"allow":["GET"]}}],"collection":[{"href":"https:\/\/diariodominicano.com\/index.php?rest_route=\/wp\/v2\/posts"}],"about":[{"href":"https:\/\/diariodominicano.com\/index.php?rest_route=\/wp\/v2\/types\/post"}],"author":[{"embeddable":true,"href":"https:\/\/diariodominicano.com\/index.php?rest_route=\/wp\/v2\/users\/28"}],"replies":[{"embeddable":true,"href":"https:\/\/diariodominicano.com\/index.php?rest_route=%2Fwp%2Fv2%2Fcomments&post=417856"}],"version-history":[{"count":1,"href":"https:\/\/diariodominicano.com\/index.php?rest_route=\/wp\/v2\/posts\/417856\/revisions"}],"predecessor-version":[{"id":417857,"href":"https:\/\/diariodominicano.com\/index.php?rest_route=\/wp\/v2\/posts\/417856\/revisions\/417857"}],"wp:featuredmedia":[{"embeddable":true,"href":"https:\/\/diariodominicano.com\/index.php?rest_route=\/wp\/v2\/media\/369678"}],"wp:attachment":[{"href":"https:\/\/diariodominicano.com\/index.php?rest_route=%2Fwp%2Fv2%2Fmedia&parent=417856"}],"wp:term":[{"taxonomy":"category","embeddable":true,"href":"https:\/\/diariodominicano.com\/index.php?rest_route=%2Fwp%2Fv2%2Fcategories&post=417856"},{"taxonomy":"post_tag","embeddable":true,"href":"https:\/\/diariodominicano.com\/index.php?rest_route=%2Fwp%2Fv2%2Ftags&post=417856"}],"curies":[{"name":"wp","href":"https:\/\/api.w.org\/{rel}","templated":true}]}}