{"id":41781,"date":"2019-10-15T14:26:41","date_gmt":"2019-10-15T14:26:41","guid":{"rendered":"http:\/\/diariodominicano.ddns.net\/?p=41781"},"modified":"2019-10-15T14:26:41","modified_gmt":"2019-10-15T14:26:41","slug":"a-pleno-solrecomposicion-de-fuerzas","status":"publish","type":"post","link":"https:\/\/diariodominicano.com\/?p=41781","title":{"rendered":"A Pleno Sol&#13;&#13;Recomposici\u00f3n de fuerzas"},"content":{"rendered":"<p><body><\/p>\n<p>A Pleno Sol<\/p>\n<\/p>\n<p>Recomposici\u00f3n de fuerzas<\/p>\n<\/p>\n<p>Por Manuel Hern\u00e1ndez Villeta<\/p>\n<\/p>\n<\/p>\n<p>En los  partidos mayoritarios, con formaci\u00f3n e intenci\u00f3n electoral, nunca estuvo presente una carga y una responsabilidad ideol\u00f3gica. Inclusive los manuales de educaci\u00f3n pol\u00edtica del Partido de la Liberaci\u00f3n Dominicana no llenaron su cometido, y de un partido de cuadros  de neo-izquierda  termin\u00f3 siendo una maquinaria para ganar elecciones y aliado de Joaqu\u00edn Balaguer.<\/p>\n<\/p>\n<p>Un partido sin ideolog\u00eda da paso a los egos, al caudillismo y a los l\u00edderes desenfrenados que est\u00e1n sobre el bien y el mal. Llevan en su seno el germen de la divisi\u00f3n y de los enfrentamientos. Los partidos son frentes sociales, econ\u00f3micos  y hasta comunitarios.<\/p>\n<\/p>\n<p>Por consiguiente las tendencias son asesinas de su institucionalidad. Los grupos internos llegan a tener m\u00e1s fuerza que el partido como entidad. El embudo partidario se va constri\u00f1endo y al final se llega a dos liderazgos fuertes y el rompimiento inevitable.<\/p>\n<\/p>\n<p>Lo \u00fanico que salva a los partidos  del grupismo y la eventual divisi\u00f3n por apetencias electorales, es el caudillismo. Hoy resulta dif\u00edcil, por no decir imposible, que surja un hombre predestinado que pueda  llevar \u00fanicamente sobre sus hombros a un partido pol\u00edtico.<\/p>\n<\/p>\n<p>Los grandes caudillos dominicanos del siglo 20 ya murieron y no dejaron herederos para ponerse sus zapatos. La desaparici\u00f3n f\u00edsica de Joaqu\u00edn Balaguer, Juan Bosch y Jos\u00e9 Francisco Pe\u00f1a G\u00f3mez lanz\u00f3 a sus partidos por el v\u00f3rtice del fraccionamiento y la radical lucha intestina por el poder.<\/p>\n<\/p>\n<p>Con miras  a las venideras elecciones nacionales, habr\u00e1 una recomposici\u00f3n de fuerzas. Nada ser\u00e1 igual. Danilo Medina no ser\u00e1 candidato ni presidente, aunque su maquinaria pol\u00edtica sea la que respalde a Gonzalo Castillo. No es lo mismo estar en el Palacio, que mandar en las sombras.<\/p>\n<\/p>\n<p>Luis Abinader tiene el poder absoluto en el Partido Revolucionario Moderno, dejando atr\u00e1s la era de Hip\u00f3lito Mej\u00eda. Abinader tiene que luchar por la segunda vuelta electoral, donde si lidera  una coalici\u00f3n opositora tiene posibilidades de ganar.<\/p>\n<\/p>\n<p>Dentro o fuera del PLD, Leonel Fern\u00e1ndez va a vivir una nueva experiencia pol\u00edtica. Si se queda en el PLD, ser\u00e1 una estatua de piedra, sin mando, sin control partidario y colocado contra la pared. Si se va, tratar\u00e1 de mantener a flote su liderazgo en una lucha por la candidatura presidencial fuera de los morados.<\/p>\n<\/p>\n<p>Lo cierto es que hay cambios dentro de los grandes partidos. Sin la fuerza de la ideolog\u00eda, todo cabe y todo vale. De esta recomposici\u00f3n solo el tiempo dar\u00e1 resultados. Por ahora, observemos con detenimiento el rumbo de los acontecimientos. \u00a1Ay!, se me acab\u00f3 la tinta.<\/p>\n<\/p>\n<h6> 2019-10-15 14:26:41 <\/h6>\n<p><!--\n<link rel=\"stylesheet\" href=\"css\/bootstrap.min.css\">\n\n\n<ul class=\"pagination\">\n\t    \n\t\n\n<li >\n\t<a href='?page_no=485'>Previous<\/a>\n\t<\/li>\n\n\n       \n    \n\n<li><a href='?page_no=1'>1<\/a><\/li>\n\n\n\n<li><a href='?page_no=2'>2<\/a><\/li>\n\n\n\n<li><a>...<\/a><\/li>\n\n\n\n<li><a href='?page_no=484'>484<\/a><\/li>\n\n\n\n<li><a href='?page_no=485'>485<\/a><\/li>\n\n\n\n<li class='active'><a>486<\/a><\/li>\n\n\n\n<li><a href='?page_no=487'>487<\/a><\/li>\n\n\n\n<li><a href='?page_no=488'>488<\/a><\/li>\n\n\n\n<li><a>...<\/a><\/li>\n\n\n\n<li><a href='?page_no=13611'>13611<\/a><\/li>\n\n\n\n<li><a href='?page_no=13612'>13612<\/a><\/li>\n\n    \n\t\n\n<li >\n\t<a href='?page_no=487'>Next<\/a>\n\t<\/li>\n\n\n    \n\n<li><a href='?page_no=13612'>Last &rsaquo;&rsaquo;<\/a><\/li>\n\n<\/ul>\n\n\n--><br \/>\n<\/body><\/p>\n","protected":false},"excerpt":{"rendered":"<p>A Pleno Sol Recomposici\u00f3n de fuerzas Por Manuel Hern\u00e1ndez Villeta En los partidos mayoritarios, con formaci\u00f3n e intenci\u00f3n electoral, nunca estuvo presente una carga y una responsabilidad ideol\u00f3gica. Inclusive los manuales de educaci\u00f3n pol\u00edtica del Partido de la Liberaci\u00f3n Dominicana no llenaron su cometido, y de un partido de cuadros de neo-izquierda termin\u00f3 siendo una [&hellip;]<\/p>\n","protected":false},"author":3,"featured_media":0,"comment_status":"open","ping_status":"open","sticky":false,"template":"","format":"standard","meta":{"footnotes":""},"categories":[16],"tags":[],"class_list":["post-41781","post","type-post","status-publish","format-standard","hentry","category-opiniones"],"_links":{"self":[{"href":"https:\/\/diariodominicano.com\/index.php?rest_route=\/wp\/v2\/posts\/41781","targetHints":{"allow":["GET"]}}],"collection":[{"href":"https:\/\/diariodominicano.com\/index.php?rest_route=\/wp\/v2\/posts"}],"about":[{"href":"https:\/\/diariodominicano.com\/index.php?rest_route=\/wp\/v2\/types\/post"}],"author":[{"embeddable":true,"href":"https:\/\/diariodominicano.com\/index.php?rest_route=\/wp\/v2\/users\/3"}],"replies":[{"embeddable":true,"href":"https:\/\/diariodominicano.com\/index.php?rest_route=%2Fwp%2Fv2%2Fcomments&post=41781"}],"version-history":[{"count":0,"href":"https:\/\/diariodominicano.com\/index.php?rest_route=\/wp\/v2\/posts\/41781\/revisions"}],"wp:attachment":[{"href":"https:\/\/diariodominicano.com\/index.php?rest_route=%2Fwp%2Fv2%2Fmedia&parent=41781"}],"wp:term":[{"taxonomy":"category","embeddable":true,"href":"https:\/\/diariodominicano.com\/index.php?rest_route=%2Fwp%2Fv2%2Fcategories&post=41781"},{"taxonomy":"post_tag","embeddable":true,"href":"https:\/\/diariodominicano.com\/index.php?rest_route=%2Fwp%2Fv2%2Ftags&post=41781"}],"curies":[{"name":"wp","href":"https:\/\/api.w.org\/{rel}","templated":true}]}}