{"id":417745,"date":"2023-02-17T16:26:44","date_gmt":"2023-02-17T20:26:44","guid":{"rendered":"http:\/\/diariodominicano.com\/?p=417745"},"modified":"2023-02-17T16:27:01","modified_gmt":"2023-02-17T20:27:01","slug":"condenan-a-20-anos-de-prision-a-hombre-que-violo-a-una-nina-durante-ocho-anos","status":"publish","type":"post","link":"https:\/\/diariodominicano.com\/?p=417745","title":{"rendered":"Condenan a 20 a\u00f1os de prisi\u00f3n a un hombre que viol\u00f3 a una ni\u00f1a durante ocho a\u00f1os"},"content":{"rendered":"\n<p>SAN CRIST\u00d3BAL, Rep\u00fablica Dominicana.- El Ministerio P\u00fablico de este distrito judicial logr\u00f3 una condena de 20 a\u00f1os de prisi\u00f3n en contra de un hombre que viol\u00f3 sexualmente a una ni\u00f1a desde los siete hasta los 15 a\u00f1os de edad.<\/p>\n\n\n\n<p>El Tribunal Colegiado de San Crist\u00f3bal dict\u00f3 la sentencia en contra de Gabriel Liriano Mateo, quien cometi\u00f3 las agresiones sexuales y f\u00edsicas en contra de la menor de edad, de quien se omite su nombre para cuidar su integridad.<\/p>\n\n\n\n<p>El fiscal Aurelio Cuevas Rom\u00e1n demostr\u00f3 ante el tribunal la gravedad de los hechos cometidos por el hoy procesado, quien incurri\u00f3 en la violaci\u00f3n al art\u00edculo 332-1 del C\u00f3digo Penal Dominicano, modificado por la Ley 24-97 sobre Violencia contra la Mujer, al art\u00edculo 396 literal A y B de la Ley 136-03 y a los art\u00edculos 83 y 86 de la Ley 631-16, para el Control de Armas y Municiones.<\/p>\n\n\n\n<p>El agresor, quien fue detenido al cometer el hecho de manera flagrante, aprovechaba cada ocasi\u00f3n en la que se encontraba a solas con la infante para agredirla sexualmente y golpearla si intentaba resistirse a sus abusos.<\/p>\n\n\n\n<p>El \u00f3rgano de justicia mostr\u00f3 con evidencias contundentes como el agresor amenazaba e intimidaba a la v\u00edctima para que no revelara lo sucedido.<\/p>\n\n\n\n<p>Por disposici\u00f3n del tribunal Liriano Mateo deber\u00e1 cumplir la pena en el Centro de Correcci\u00f3n y Rehabilitaci\u00f3n Najayo Hombres.<\/p>\n\n\n\n<p>Direcci\u00f3n General de Comunicaci\u00f3n, Prensa, y RRPP<\/p>\n\n\n\n<p>Ministerio P\u00fablico.&nbsp;R.D.<\/p>\n\n\n\n<p>Viernes, 17 de febrero de 2023.<\/p>\n","protected":false},"excerpt":{"rendered":"<p>SAN CRIST\u00d3BAL, Rep\u00fablica Dominicana.- El Ministerio P\u00fablico de este distrito judicial logr\u00f3 una condena de 20 a\u00f1os de prisi\u00f3n en contra de un hombre que viol\u00f3 sexualmente a una ni\u00f1a desde los siete hasta los 15 a\u00f1os de edad. El Tribunal Colegiado de San Crist\u00f3bal dict\u00f3 la sentencia en contra de Gabriel Liriano Mateo, quien [&hellip;]<\/p>\n","protected":false},"author":28,"featured_media":351958,"comment_status":"closed","ping_status":"","sticky":true,"template":"","format":"standard","meta":{"footnotes":""},"categories":[24,29,27],"tags":[],"class_list":["post-417745","post","type-post","status-publish","format-standard","has-post-thumbnail","hentry","category-justicia-y-derecho","category-policiasucesos","category-portada"],"_links":{"self":[{"href":"https:\/\/diariodominicano.com\/index.php?rest_route=\/wp\/v2\/posts\/417745","targetHints":{"allow":["GET"]}}],"collection":[{"href":"https:\/\/diariodominicano.com\/index.php?rest_route=\/wp\/v2\/posts"}],"about":[{"href":"https:\/\/diariodominicano.com\/index.php?rest_route=\/wp\/v2\/types\/post"}],"author":[{"embeddable":true,"href":"https:\/\/diariodominicano.com\/index.php?rest_route=\/wp\/v2\/users\/28"}],"replies":[{"embeddable":true,"href":"https:\/\/diariodominicano.com\/index.php?rest_route=%2Fwp%2Fv2%2Fcomments&post=417745"}],"version-history":[{"count":2,"href":"https:\/\/diariodominicano.com\/index.php?rest_route=\/wp\/v2\/posts\/417745\/revisions"}],"predecessor-version":[{"id":417747,"href":"https:\/\/diariodominicano.com\/index.php?rest_route=\/wp\/v2\/posts\/417745\/revisions\/417747"}],"wp:featuredmedia":[{"embeddable":true,"href":"https:\/\/diariodominicano.com\/index.php?rest_route=\/wp\/v2\/media\/351958"}],"wp:attachment":[{"href":"https:\/\/diariodominicano.com\/index.php?rest_route=%2Fwp%2Fv2%2Fmedia&parent=417745"}],"wp:term":[{"taxonomy":"category","embeddable":true,"href":"https:\/\/diariodominicano.com\/index.php?rest_route=%2Fwp%2Fv2%2Fcategories&post=417745"},{"taxonomy":"post_tag","embeddable":true,"href":"https:\/\/diariodominicano.com\/index.php?rest_route=%2Fwp%2Fv2%2Ftags&post=417745"}],"curies":[{"name":"wp","href":"https:\/\/api.w.org\/{rel}","templated":true}]}}