{"id":41770,"date":"2019-10-15T14:29:07","date_gmt":"2019-10-15T14:29:07","guid":{"rendered":"http:\/\/diariodominicano.ddns.net\/?p=41770"},"modified":"2019-10-15T14:29:07","modified_gmt":"2019-10-15T14:29:07","slug":"vacio-de-informacion","status":"publish","type":"post","link":"https:\/\/diariodominicano.com\/?p=41770","title":{"rendered":"&#13; VACIO DE INFORMACION"},"content":{"rendered":"<p><body><\/p>\n<p>EN PRIMERA FILA<\/p>\n<\/p>\n<p> VACIO DE INFORMACION<\/p>\n<p>Mario Rivadulla<\/p>\n<\/p>\n<p>Cuando hace ya alrededor de diecisiete a\u00f1os, acabada de promulgar la Ley de Seguridad Social, un contado grupo de periodistas fuimos invitados a brindar nuestra opini\u00f3n sobre la misma por su primer Gerente General y principal arquitecto del sistema, Arismendi D\u00edaz Santana, y varios de los integrantes de su Consejo Nacional, establecido como organismo rector del sistema.  El encuentro tuvo lugar en un hotel de la capital.<\/p>\n<\/p>\n<p>Fue en esa ocasi\u00f3n que admitiendo ignorancia sobre un tema tan especializado, por simple deducci\u00f3n l\u00f3gica nos limitamos a se\u00f1alar que dada su complejidad resultar\u00eda necesario llevar a cabo una amplia y permanente campa\u00f1a de orientaci\u00f3n a los futuros asegurados sobre la cobertura de salud, pensi\u00f3n y accidentes laborales que \tles garantizar\u00eda el sistema y la forma de acceder a los mismos.   La sugerencia mereci\u00f3 respuestas de acogida&#8230;pero no pas\u00f3 de la simple aprobaci\u00f3n verbal.<\/p>\n<\/p>\n<p>Si bien la ley integr\u00f3 como un nuevo elemento, \u00fanico en todos los sistemas de seguridad social en el mundo, la creaci\u00f3n del Departamento de Informaci\u00f3n y Defensor\u00eda de los Afiliados (DIDA) encargado de velar por los derechos de los asegurados, no le dot\u00f3 ni de capacidad ejecutiva, ni de los m\u00ednimos recursos indispensables para mantener una sostenida y amplia campa\u00f1a de informaci\u00f3n a los mismos.<\/p>\n<\/p>\n<p> De justicia se\u00f1alar que pese a ello, gracias a la vocaci\u00f3n y dedicaci\u00f3n de servicio de su personal, ha resuelto hasta ahora de manera favorable a los asegurados m\u00e1s del 95 por ciento de los miles de reclamaciones que atiende cada mes.<\/p>\n<\/p>\n<p>Pero cada d\u00eda, en la medida en que aumenta la afiliaci\u00f3n al sistema, que ya cuenta con bastante m\u00e1s de siete millones de asegurados entre los reg\u00edmenes contributivo y subsidiado se resiente m\u00e1s la falta de un plan  de orientaci\u00f3n, por lo que sin temor a exagerar se puede afirmar que la gran mayor\u00eda ignora cuales son sus derechos y la forma de reclamarlos. <\/p>\n<\/p>\n<p>Como m\u00e1s reciente prueba al canto baste se\u00f1alar el cintillo que como noticia principal de portada despleg\u00f3  el \u00abDiario Libre\u00bb en  su edici\u00f3n de este pasado lunes y la consiguiente amplia informaci\u00f3n de p\u00e1gina interior, dando cuenta de que en las Aseguradoras de Fondos de Pensiones (AFP) hay en estos momentos de m\u00e1s de mil 700 millones de pesos acumulados en cuentas de  asegurados fallecidos, cuyos fondos no han sido reclamados por los familiares con derecho a recibirlos por v\u00eda de herencia.  <\/p>\n<\/p>\n<p>El grado de desconocimiento y falta de informaci\u00f3n de estos es de tal magnitud que de un total de m\u00e1s de 58 mil casos en  esa condici\u00f3n  apenas se han presentado a reclamar el cobro en  unos 2 mil 100.  O sea que hay alrededor de 56 mil potenciales herederos que ignoran que tienen derecho a percibir dichos aportes acumulados por su pariente fallecido, bastando que demuestren su condici\u00f3n de leg\u00edtimos.<\/p>\n<\/p>\n<p>Al presente cursa en las C\u00e1maras Legislativas el proyecto de modificaciones introducido a la Ley de Seguridad Social con fines de actualizarla, cubrir sus lagunas, corregir sus fallos, y de alguna forma buscar el mecanismo que permita elevar la proyecci\u00f3n del monto de pensiones que recibir\u00e1n los asegurados del retiro, al presente  estimado en un pobr\u00edsimo porcentaje de apenas un m\u00e1ximo de un 28 por ciento del salario de los \u00faltimos tres a\u00f1os.  <\/p>\n<\/p>\n<p> De esperar por consiguiente, que se tome en consideraci\u00f3n con la importancia que amerita la necesidad de incluir como factor primordial la necesidad de mantener un sostenido plan de divulgaci\u00f3n que permita  corregir el estado de ignorancia e indefensi\u00f3n en que se encuentra actualmente la inmensa mayor\u00eda de los asegurados, a fin de cubrir el enorme vac\u00edo de informaci\u00f3n que les impide conocer los derechos que les asisten y la forma de hacerlos valer.<\/p>\n<\/p>\n<\/p>\n<\/p>\n<\/p>\n<h6> 2019-10-15 14:29:07 <\/h6>\n<p><!--\n<link rel=\"stylesheet\" href=\"css\/bootstrap.min.css\">\n\n\n<ul class=\"pagination\">\n\t    \n\t\n\n<li >\n\t<a href='?page_no=484'>Previous<\/a>\n\t<\/li>\n\n\n       \n    \n\n<li><a href='?page_no=1'>1<\/a><\/li>\n\n\n\n<li><a href='?page_no=2'>2<\/a><\/li>\n\n\n\n<li><a>...<\/a><\/li>\n\n\n\n<li><a href='?page_no=483'>483<\/a><\/li>\n\n\n\n<li><a href='?page_no=484'>484<\/a><\/li>\n\n\n\n<li class='active'><a>485<\/a><\/li>\n\n\n\n<li><a href='?page_no=486'>486<\/a><\/li>\n\n\n\n<li><a href='?page_no=487'>487<\/a><\/li>\n\n\n\n<li><a>...<\/a><\/li>\n\n\n\n<li><a href='?page_no=13611'>13611<\/a><\/li>\n\n\n\n<li><a href='?page_no=13612'>13612<\/a><\/li>\n\n    \n\t\n\n<li >\n\t<a href='?page_no=486'>Next<\/a>\n\t<\/li>\n\n\n    \n\n<li><a href='?page_no=13612'>Last &rsaquo;&rsaquo;<\/a><\/li>\n\n<\/ul>\n\n\n--><br \/>\n<\/body><\/p>\n","protected":false},"excerpt":{"rendered":"<p>EN PRIMERA FILA VACIO DE INFORMACION Mario Rivadulla Cuando hace ya alrededor de diecisiete a\u00f1os, acabada de promulgar la Ley de Seguridad Social, un contado grupo de periodistas fuimos invitados a brindar nuestra opini\u00f3n sobre la misma por su primer Gerente General y principal arquitecto del sistema, Arismendi D\u00edaz Santana, y varios de los integrantes [&hellip;]<\/p>\n","protected":false},"author":3,"featured_media":0,"comment_status":"open","ping_status":"open","sticky":false,"template":"","format":"standard","meta":{"footnotes":""},"categories":[16],"tags":[],"class_list":["post-41770","post","type-post","status-publish","format-standard","hentry","category-opiniones"],"_links":{"self":[{"href":"https:\/\/diariodominicano.com\/index.php?rest_route=\/wp\/v2\/posts\/41770","targetHints":{"allow":["GET"]}}],"collection":[{"href":"https:\/\/diariodominicano.com\/index.php?rest_route=\/wp\/v2\/posts"}],"about":[{"href":"https:\/\/diariodominicano.com\/index.php?rest_route=\/wp\/v2\/types\/post"}],"author":[{"embeddable":true,"href":"https:\/\/diariodominicano.com\/index.php?rest_route=\/wp\/v2\/users\/3"}],"replies":[{"embeddable":true,"href":"https:\/\/diariodominicano.com\/index.php?rest_route=%2Fwp%2Fv2%2Fcomments&post=41770"}],"version-history":[{"count":0,"href":"https:\/\/diariodominicano.com\/index.php?rest_route=\/wp\/v2\/posts\/41770\/revisions"}],"wp:attachment":[{"href":"https:\/\/diariodominicano.com\/index.php?rest_route=%2Fwp%2Fv2%2Fmedia&parent=41770"}],"wp:term":[{"taxonomy":"category","embeddable":true,"href":"https:\/\/diariodominicano.com\/index.php?rest_route=%2Fwp%2Fv2%2Fcategories&post=41770"},{"taxonomy":"post_tag","embeddable":true,"href":"https:\/\/diariodominicano.com\/index.php?rest_route=%2Fwp%2Fv2%2Ftags&post=41770"}],"curies":[{"name":"wp","href":"https:\/\/api.w.org\/{rel}","templated":true}]}}