{"id":417603,"date":"2023-02-17T01:00:46","date_gmt":"2023-02-17T05:00:46","guid":{"rendered":"http:\/\/diariodominicano.com\/?p=417603"},"modified":"2023-02-17T01:02:17","modified_gmt":"2023-02-17T05:02:17","slug":"expresidiario-intenta-disparar-con-una-chilena-a-periodista-enrique-medina","status":"publish","type":"post","link":"https:\/\/diariodominicano.com\/?p=417603","title":{"rendered":"Expresidiario intenta disparar con una \u201cChilena\u201d a periodista Enrique Medina"},"content":{"rendered":"\n<p>Enrique Medina<\/p>\n\n\n\n<figure class=\"wp-block-image size-large\"><img loading=\"lazy\" decoding=\"async\" width=\"1024\" height=\"1024\" src=\"https:\/\/diariodominicano.com\/wp-content\/uploads\/2023\/02\/unnamed-11-1024x1024.jpg\" alt=\"\" class=\"wp-image-417609\" srcset=\"https:\/\/diariodominicano.com\/wp-content\/uploads\/2023\/02\/unnamed-11-1024x1024.jpg 1024w, https:\/\/diariodominicano.com\/wp-content\/uploads\/2023\/02\/unnamed-11-300x300.jpg 300w, https:\/\/diariodominicano.com\/wp-content\/uploads\/2023\/02\/unnamed-11-150x150.jpg 150w, https:\/\/diariodominicano.com\/wp-content\/uploads\/2023\/02\/unnamed-11-768x768.jpg 768w, https:\/\/diariodominicano.com\/wp-content\/uploads\/2023\/02\/unnamed-11-88x88.jpg 88w, https:\/\/diariodominicano.com\/wp-content\/uploads\/2023\/02\/unnamed-11-816x816.jpg 816w, https:\/\/diariodominicano.com\/wp-content\/uploads\/2023\/02\/unnamed-11.jpg 1200w\" sizes=\"auto, (max-width: 1024px) 100vw, 1024px\" \/><figcaption>Andy P\u00e9rez<\/figcaption><\/figure>\n\n\n\n<p><strong>La Caleta<\/strong>, RD.- El periodista y manager art\u00edstico, Enrique Medina, denunci\u00f3 este jueves que un expresidiario intent\u00f3 dispararle con un arma casera (chilena), durante un hecho ocurrido en el distrito municipal La Caleta, en la provincia Santo Domingo.<\/p>\n\n\n\n<p>Medina explic\u00f3 que el nombrado, Andy P\u00e9rez, quien estuvo recluido en la Penitenciaria de La Victoria en dos ocasiones acusado de robo, lo agredi\u00f3 luego de que este lo confrontara por el supuesto robo de una carretilla.<\/p>\n\n\n\n<p>El comunicador, quien estaba de visita en el sector Campo Lindo de la Caleta, donde reside su madre, narra que todo inici\u00f3 cuando Andy se le acerc\u00f3 a decirle que habr\u00eda ido a su casa materna en varias ocasiones para hablar con \u00e9l sobre el tema.<\/p>\n\n\n\n<p>\u201cEl se me acerca y me dice loco yo he ido varias veces a tu casa hablar contigo y nunca estas a lo que yo le respondo, t\u00fa no has ido na, porque tu sabes lo que hiciste que te llevaste la carretilla de votar la basura y es ahi donde el se altera y me amenaza con que me va agredi\u201d, detall\u00f3 Medina.<\/p>\n\n\n\n<p>Precisa que unos minutos despu\u00e9s P\u00e9rez se apareci\u00f3 nuevamente en el lugar con una \u201cChilena\u201d, arma de fabricaci\u00f3n casera, vociferando \u201cte voy a matar\u201d.<\/p>\n\n\n\n<p>Seg\u00fan Medina, si no es por la intervenci\u00f3n del padre de Andy y porque pudo resguardarse detr\u00e1s de un muro, este le habr\u00eda realizado un disparo a quema ropa.<\/p>\n\n\n\n<p>El periodista, Enrique Medina, quien ya interpuso una querella ante las autoridades, responsabiliz\u00f3 a Andy P\u00e9rez residente en la calle 15 del sector Campo Lindo del Distrito Municipal La Caleta.<\/p>\n\n\n\n<p>Enrique Medina<a target=\"_blank\" href=\"mailto:enriquemedinard@gmail.com\" rel=\"noreferrer noopener\">enriquemedinard@gmail.com<\/a><\/p>\n\n\n\n<p><strong>Enrique Medina<br>Periodista\u00a0<\/strong><\/p>\n","protected":false},"excerpt":{"rendered":"<p>Enrique Medina La Caleta, RD.- El periodista y manager art\u00edstico, Enrique Medina, denunci\u00f3 este jueves que un expresidiario intent\u00f3 dispararle con un arma casera (chilena), durante un hecho ocurrido en el distrito municipal La Caleta, en la provincia Santo Domingo. Medina explic\u00f3 que el nombrado, Andy P\u00e9rez, quien estuvo recluido en la Penitenciaria de La [&hellip;]<\/p>\n","protected":false},"author":28,"featured_media":417605,"comment_status":"closed","ping_status":"","sticky":true,"template":"","format":"standard","meta":{"footnotes":""},"categories":[29,27],"tags":[],"class_list":["post-417603","post","type-post","status-publish","format-standard","has-post-thumbnail","hentry","category-policiasucesos","category-portada"],"_links":{"self":[{"href":"https:\/\/diariodominicano.com\/index.php?rest_route=\/wp\/v2\/posts\/417603","targetHints":{"allow":["GET"]}}],"collection":[{"href":"https:\/\/diariodominicano.com\/index.php?rest_route=\/wp\/v2\/posts"}],"about":[{"href":"https:\/\/diariodominicano.com\/index.php?rest_route=\/wp\/v2\/types\/post"}],"author":[{"embeddable":true,"href":"https:\/\/diariodominicano.com\/index.php?rest_route=\/wp\/v2\/users\/28"}],"replies":[{"embeddable":true,"href":"https:\/\/diariodominicano.com\/index.php?rest_route=%2Fwp%2Fv2%2Fcomments&post=417603"}],"version-history":[{"count":4,"href":"https:\/\/diariodominicano.com\/index.php?rest_route=\/wp\/v2\/posts\/417603\/revisions"}],"predecessor-version":[{"id":417610,"href":"https:\/\/diariodominicano.com\/index.php?rest_route=\/wp\/v2\/posts\/417603\/revisions\/417610"}],"wp:featuredmedia":[{"embeddable":true,"href":"https:\/\/diariodominicano.com\/index.php?rest_route=\/wp\/v2\/media\/417605"}],"wp:attachment":[{"href":"https:\/\/diariodominicano.com\/index.php?rest_route=%2Fwp%2Fv2%2Fmedia&parent=417603"}],"wp:term":[{"taxonomy":"category","embeddable":true,"href":"https:\/\/diariodominicano.com\/index.php?rest_route=%2Fwp%2Fv2%2Fcategories&post=417603"},{"taxonomy":"post_tag","embeddable":true,"href":"https:\/\/diariodominicano.com\/index.php?rest_route=%2Fwp%2Fv2%2Ftags&post=417603"}],"curies":[{"name":"wp","href":"https:\/\/api.w.org\/{rel}","templated":true}]}}