{"id":41759,"date":"2019-10-16T00:46:16","date_gmt":"2019-10-16T00:46:16","guid":{"rendered":"http:\/\/diariodominicano.ddns.net\/?p=41759"},"modified":"2019-10-16T00:46:16","modified_gmt":"2019-10-16T00:46:16","slug":"a-pleno-solla-violencia-escolar","status":"publish","type":"post","link":"https:\/\/diariodominicano.com\/?p=41759","title":{"rendered":"&#13;&#13;A Pleno Sol&#13;&#13;La violencia escolar"},"content":{"rendered":"<p><body><\/p>\n<\/p>\n<p><strong>Por Manuel Hern\u00e1ndez Villeta<\/strong><\/p>\n<\/p>\n<\/p>\n<p>La violencia en las escuelas dominicanas es preocupante. Falta el sistema, falla el hogar, y al parecer no hay una pol\u00edtica dirigida a mejorar la convivencia en los centros educativos.<\/p>\n<\/p>\n<p>La escuela p\u00fablica tiene que ser centro de armon\u00eda y de preparar las nuevas generaciones en base a un mensaje de paz y solidaridad. Cuando pelean dos ni\u00f1os de diez a\u00f1os y uno resulta muerto, el sistema colapsa.<\/p>\n<\/p>\n<p>No es un hecho aislado. En los \u00faltimos meses han ocurrido acciones de violencia en los planteles, con muertes y lesionados y eso indica que hay fragilidades en el mensaje hogare\u00f1o de pregonar la buena convivencia.<\/p>\n<\/p>\n<p>Estamos viviendo en una \u00e9poca de violencia, de violaciones de derechos colectivos e individuales, de series de televisi\u00f3n donde se vende el mensaje de sangre. Los mu\u00f1equitos de los ni\u00f1os exudan la violencia en cada momento, lo que es preocupante de cara a las nuevas generaciones.<\/p>\n<\/p>\n<p>No puede ocurrir, bajo ninguna circunstancia, un hecho de violencia dentro de un plantel escolar. Cuando eso ocurre todos son culpables. Los padres, los maestros, el ministerio y hasta la iglesia a que pertenece.<\/p>\n<\/p>\n<p>Hay que reforzar el trabajo de los psic\u00f3logos en las escuelas. Los profesores tienen que hacer informes del comportamiento de los ni\u00f1os, sobre todo cuando son violentos o se presentan inadaptados.<\/p>\n<\/p>\n<p>No es expulsarlos, sino someterlos a las terapias que sean necesarias. Aplicar la psicolog\u00eda infantil. Se tiene que tomar en cuenta que casi todos los hechos de violencia, donde han ocurrido muertes, son escenificados por chicos o chicas menores de quince a\u00f1os.<\/p>\n<\/p>\n<p>Pero tambi\u00e9n hay otra violencia inter-escolar, donde no se fomenta el compa\u00f1erismo que va a durar de por vida, sino la ira mal conducida y mal tratada. Que se haga una gran concertaci\u00f3n para salvar a las escuelas de la  violencia. Que se integre a los padres, los profesores, las juntas de vecinas y toda la comunidad.<\/p>\n<\/p>\n<p>Ya hay suficiente violencia en las calles, robos, atracos,  que no pueden ser detenidos. Son un reflejo de una sociedad enturbiada. Hay que sacar a la violencia de los barrios populares y de las zonas residenciales. La violencia domestica tiene que ser erradicada.<\/p>\n<\/p>\n<p>Hay que salvar a la sociedad de hoy y a las futuras generaciones, por lo que la ola de violencia de las escuelas tiene que ser sacada a como d\u00e9 lugar. Hay que redoblar los esfuerzos para mantener la paz en las escuelas, que es el futuro del pa\u00eds. \u00a1Ay!, se me acabo la tinta.<\/p>\n<\/p>\n<h6> 2019-10-16 00:46:16 <\/h6>\n<p><!--\n<link rel=\"stylesheet\" href=\"css\/bootstrap.min.css\">\n\n\n<ul class=\"pagination\">\n\t    \n\t\n\n<li >\n\t<a href='?page_no=483'>Previous<\/a>\n\t<\/li>\n\n\n       \n    \n\n<li><a href='?page_no=1'>1<\/a><\/li>\n\n\n\n<li><a href='?page_no=2'>2<\/a><\/li>\n\n\n\n<li><a>...<\/a><\/li>\n\n\n\n<li><a href='?page_no=482'>482<\/a><\/li>\n\n\n\n<li><a href='?page_no=483'>483<\/a><\/li>\n\n\n\n<li class='active'><a>484<\/a><\/li>\n\n\n\n<li><a href='?page_no=485'>485<\/a><\/li>\n\n\n\n<li><a href='?page_no=486'>486<\/a><\/li>\n\n\n\n<li><a>...<\/a><\/li>\n\n\n\n<li><a href='?page_no=13611'>13611<\/a><\/li>\n\n\n\n<li><a href='?page_no=13612'>13612<\/a><\/li>\n\n    \n\t\n\n<li >\n\t<a href='?page_no=485'>Next<\/a>\n\t<\/li>\n\n\n    \n\n<li><a href='?page_no=13612'>Last &rsaquo;&rsaquo;<\/a><\/li>\n\n<\/ul>\n\n\n--><br \/>\n<\/body><\/p>\n","protected":false},"excerpt":{"rendered":"<p>Por Manuel Hern\u00e1ndez Villeta La violencia en las escuelas dominicanas es preocupante. Falta el sistema, falla el hogar, y al parecer no hay una pol\u00edtica dirigida a mejorar la convivencia en los centros educativos. La escuela p\u00fablica tiene que ser centro de armon\u00eda y de preparar las nuevas generaciones en base a un mensaje de [&hellip;]<\/p>\n","protected":false},"author":3,"featured_media":0,"comment_status":"open","ping_status":"open","sticky":false,"template":"","format":"standard","meta":{"footnotes":""},"categories":[16],"tags":[],"class_list":["post-41759","post","type-post","status-publish","format-standard","hentry","category-opiniones"],"_links":{"self":[{"href":"https:\/\/diariodominicano.com\/index.php?rest_route=\/wp\/v2\/posts\/41759","targetHints":{"allow":["GET"]}}],"collection":[{"href":"https:\/\/diariodominicano.com\/index.php?rest_route=\/wp\/v2\/posts"}],"about":[{"href":"https:\/\/diariodominicano.com\/index.php?rest_route=\/wp\/v2\/types\/post"}],"author":[{"embeddable":true,"href":"https:\/\/diariodominicano.com\/index.php?rest_route=\/wp\/v2\/users\/3"}],"replies":[{"embeddable":true,"href":"https:\/\/diariodominicano.com\/index.php?rest_route=%2Fwp%2Fv2%2Fcomments&post=41759"}],"version-history":[{"count":0,"href":"https:\/\/diariodominicano.com\/index.php?rest_route=\/wp\/v2\/posts\/41759\/revisions"}],"wp:attachment":[{"href":"https:\/\/diariodominicano.com\/index.php?rest_route=%2Fwp%2Fv2%2Fmedia&parent=41759"}],"wp:term":[{"taxonomy":"category","embeddable":true,"href":"https:\/\/diariodominicano.com\/index.php?rest_route=%2Fwp%2Fv2%2Fcategories&post=41759"},{"taxonomy":"post_tag","embeddable":true,"href":"https:\/\/diariodominicano.com\/index.php?rest_route=%2Fwp%2Fv2%2Ftags&post=41759"}],"curies":[{"name":"wp","href":"https:\/\/api.w.org\/{rel}","templated":true}]}}