{"id":41748,"date":"2019-10-16T20:17:41","date_gmt":"2019-10-16T20:17:41","guid":{"rendered":"http:\/\/diariodominicano.ddns.net\/?p=41748"},"modified":"2019-10-16T20:17:41","modified_gmt":"2019-10-16T20:17:41","slug":"civismo-vs-unidad-del-prm","status":"publish","type":"post","link":"https:\/\/diariodominicano.com\/?p=41748","title":{"rendered":"Civismo Vs. Unidad del PRM&#13;"},"content":{"rendered":"<p><body><\/p>\n<p><strong>Diariodominicano.com<\/strong><\/p>\n<\/p>\n<p><strong>Manuel D\u00edaz Aponte<\/strong><\/p>\n<\/p>\n<p>Ha sido un excelente ejemplo de civismo y de unidad las primarias internas en el Partido Revolucionario Moderno (PRM), en la que fue escogido el licenciado Luis Abinader como candidato presidencial.<\/p>\n<\/p>\n<p>Los miembros y dirigentes de la organizaci\u00f3n opositora brindaron al pa\u00eds un espacio comicial interno caracterizado por la armon\u00eda y sensatez pol\u00edtica.<\/p>\n<\/p>\n<p>Abinader obtuvo 73,84% de los votos de las primarias cerradas en el PRM, efectuadas en completa armon\u00eda y sin sobresalto. <\/p>\n<\/p>\n<p>Hay que destacar la postura firme y democr\u00e1tica del ex presidente de la Rep\u00fablica, Hip\u00f3lito Mej\u00eda, quien buscaba la nominaci\u00f3n como candidato presidencial. A pocas horas de conocerse los resultados de la contienda interna en el PRM, Mej\u00eda felicit\u00f3 a su contendor y anunci\u00f3 que trabajar\u00e1 activamente para lograr la victoria de esa entidad pol\u00edtica en las elecciones presidenciales de mayo del 2020.<\/p>\n<\/p>\n<p>Era lo que se esperaba de un dirigente experimentado y de notoria madurez pol\u00edtica que entiende perfectamente que las posiciones p\u00fablicas o privadas son transitorias y que adem\u00e1s, el relevo pol\u00edtico como en cualquier otra actividad humana no se debe torpedear.<\/p>\n<\/p>\n<p>Tanto Mej\u00eda como el ahora candidato presidencial del Partido Revolucionario Moderno, Luis Abinader, est\u00e1n conscientes de la responsabilidad que ambos han asumido ante sus seguidores y partidarios y en el seno mismo de la sociedad dominicana que anhela cambios sustanciales en el estilo y forma de conducir los destinos del Estado.<\/p>\n<\/p>\n<p>La transparencia en el manejo de los recursos p\u00fablicos es una de las m\u00e1s s\u00f3lidas demandas de la poblaci\u00f3n expuesta constantemente en los medios de comunicaci\u00f3n.<\/p>\n<\/p>\n<p>Precisamente esa es una de la principal oferta electoral de Abinader quien ha prometido que de llegar al poder nombrar\u00e1 un Fiscal General Independiente para tratar los casos de corrupci\u00f3n en el gobierno.<\/p>\n<\/p>\n<p><strong>Agitaci\u00f3n Pol\u00edtica<\/strong><\/p>\n<\/p>\n<p>El pa\u00eds vive un clima de perturbaci\u00f3n pol\u00edtica que podr\u00eda llevar al Partido de la Liberaci\u00f3n Dominicana (PLD) a la divisi\u00f3n despu\u00e9s de casi veinte a\u00f1os en el poder.<\/p>\n<\/p>\n<p>La disputa interna que ha seguido a la realizaci\u00f3n de sus primarias el pasado domingo seis tiene una dimensi\u00f3n que muchos analistas entienden que la organizaci\u00f3n fundada por el ex presidente Juan Bosch en 1973, dif\u00edcilmente pueda acudir unida a las elecciones presidenciales del 20 de mayo del a\u00f1o venidero.<\/p>\n<\/p>\n<p>Ante ese cuadro, evidentemente que la oposici\u00f3n saldr\u00eda ganadora sobre todo teniendo a un dirigente y candidato presidencial como el economista Luis Abinader, que defiende la modernizaci\u00f3n de la administraci\u00f3n p\u00fablica y del aparato productivo con la participaci\u00f3n del Estado y de inversionistas nacionales e internacionales para generar nuevos empleos.     <\/p>\n<\/p>\n<p>El aspirante presidencial constantemente expone la urgente necesidad de un cambio pol\u00edtico en la conducci\u00f3n de las estructuras gubernamentales basado en el manejo estricto de los recursos p\u00fablicos.<\/p>\n<\/p>\n<p>Lo que m\u00e1s demanda la sociedad dominicana actualmente es respeto y civismo as\u00ed como buenas actitudes entre sus integrantes.<\/p>\n<\/p>\n<p>Los niveles de violencia registrados son preocupantes con saldos de muertes y heridos en diversas circunstancias, afectando inclusive a menores de edad.<\/p>\n<\/p>\n<p>Es un imperativo que el pa\u00eds limpie su imagen ante la comunidad internacional tras el esc\u00e1ndalo de corrupci\u00f3n de Odebrecht que envuelve a pol\u00edticos, legisladores, empresarios y que sigue ventil\u00e1ndose en la Suprema Corte de Justicia.<\/p>\n<\/p>\n<p>Recientemente un estudio de la ONG Transparencia Internacional (TI) difundido en Berl\u00edn, Alemania, coloca a la Rep\u00fablica Dominicana como el segundo pa\u00eds m\u00e1s corrupto de Latinoam\u00e9rica. El primero es Venezuela y el tercero Per\u00fa.<\/p>\n<\/p>\n<p>Mientras la opini\u00f3n p\u00fablica da seguimiento a la disputa en el Partido de la Liberaci\u00f3n Dominicana (PLD) por los resultados de las primarias internas, es de justicia reconocer el hermoso ejemplo de armon\u00eda que exhibe el PRM.<\/p>\n<\/p>\n<p><strong>Un PLD, \u00bfdividido?<\/strong><\/p>\n<\/p>\n<p>Datos de la Junta Central Electoral indican que Gonzalo Castillo derrot\u00f3 en las primarias abiertas del PLD al l\u00edder y presidente de esa organizaci\u00f3n, Leonel Fern\u00e1ndez.<\/p>\n<\/p>\n<p>El organismo dijo que el resultado final otorga 911.324 votos a Gonzalo Castillo y 884.630 sufragios a Leonel Fern\u00e1ndez, una diferencia de 26.694 votos a favor del primero.<\/p>\n<\/p>\n<p>Sin embargo, el ex presidente de la Rep\u00fablica no reconoce esos resultados advirtiendo que ir\u00e1 \u00abhasta las \u00faltimas consecuencias\u00bb para defender lo que considera es su triunfo. <\/p>\n<\/p>\n<p>Ojal\u00e1 retorne la comprensi\u00f3n en el partido morado porque de lo contrario su divisi\u00f3n estar\u00eda siendo edificada con terribles consecuencias internas para las elecciones generales de mayo del 2020.<\/p>\n<\/p>\n<p>Por su lado, el Partido Revolucionario Moderno (PRM) ha dado una demostraci\u00f3n de inteligencia pol\u00edtica y de unidad con la elecci\u00f3n de Luis Abinader como su candidato presidencial para los comicios de mayo del 2020.<\/p>\n<\/p>\n<p><strong>Articulo de Manuel D\u00edaz Aponte<\/strong><\/p>\n<\/p>\n<\/p>\n<h6> 2019-10-16 20:17:41 <\/h6>\n<p><!--\n<link rel=\"stylesheet\" href=\"css\/bootstrap.min.css\">\n\n\n<ul class=\"pagination\">\n\t    \n\t\n\n<li >\n\t<a href='?page_no=482'>Previous<\/a>\n\t<\/li>\n\n\n       \n    \n\n<li><a href='?page_no=1'>1<\/a><\/li>\n\n\n\n<li><a href='?page_no=2'>2<\/a><\/li>\n\n\n\n<li><a>...<\/a><\/li>\n\n\n\n<li><a href='?page_no=481'>481<\/a><\/li>\n\n\n\n<li><a href='?page_no=482'>482<\/a><\/li>\n\n\n\n<li class='active'><a>483<\/a><\/li>\n\n\n\n<li><a href='?page_no=484'>484<\/a><\/li>\n\n\n\n<li><a href='?page_no=485'>485<\/a><\/li>\n\n\n\n<li><a>...<\/a><\/li>\n\n\n\n<li><a href='?page_no=13611'>13611<\/a><\/li>\n\n\n\n<li><a href='?page_no=13612'>13612<\/a><\/li>\n\n    \n\t\n\n<li >\n\t<a href='?page_no=484'>Next<\/a>\n\t<\/li>\n\n\n    \n\n<li><a href='?page_no=13612'>Last &rsaquo;&rsaquo;<\/a><\/li>\n\n<\/ul>\n\n\n--><br \/>\n<\/body><\/p>\n","protected":false},"excerpt":{"rendered":"<p>Diariodominicano.com Manuel D\u00edaz Aponte Ha sido un excelente ejemplo de civismo y de unidad las primarias internas en el Partido Revolucionario Moderno (PRM), en la que fue escogido el licenciado Luis Abinader como candidato presidencial. Los miembros y dirigentes de la organizaci\u00f3n opositora brindaron al pa\u00eds un espacio comicial interno caracterizado por la armon\u00eda y [&hellip;]<\/p>\n","protected":false},"author":3,"featured_media":0,"comment_status":"open","ping_status":"open","sticky":false,"template":"","format":"standard","meta":{"footnotes":""},"categories":[16],"tags":[],"class_list":["post-41748","post","type-post","status-publish","format-standard","hentry","category-opiniones"],"_links":{"self":[{"href":"https:\/\/diariodominicano.com\/index.php?rest_route=\/wp\/v2\/posts\/41748","targetHints":{"allow":["GET"]}}],"collection":[{"href":"https:\/\/diariodominicano.com\/index.php?rest_route=\/wp\/v2\/posts"}],"about":[{"href":"https:\/\/diariodominicano.com\/index.php?rest_route=\/wp\/v2\/types\/post"}],"author":[{"embeddable":true,"href":"https:\/\/diariodominicano.com\/index.php?rest_route=\/wp\/v2\/users\/3"}],"replies":[{"embeddable":true,"href":"https:\/\/diariodominicano.com\/index.php?rest_route=%2Fwp%2Fv2%2Fcomments&post=41748"}],"version-history":[{"count":0,"href":"https:\/\/diariodominicano.com\/index.php?rest_route=\/wp\/v2\/posts\/41748\/revisions"}],"wp:attachment":[{"href":"https:\/\/diariodominicano.com\/index.php?rest_route=%2Fwp%2Fv2%2Fmedia&parent=41748"}],"wp:term":[{"taxonomy":"category","embeddable":true,"href":"https:\/\/diariodominicano.com\/index.php?rest_route=%2Fwp%2Fv2%2Fcategories&post=41748"},{"taxonomy":"post_tag","embeddable":true,"href":"https:\/\/diariodominicano.com\/index.php?rest_route=%2Fwp%2Fv2%2Ftags&post=41748"}],"curies":[{"name":"wp","href":"https:\/\/api.w.org\/{rel}","templated":true}]}}