{"id":417443,"date":"2023-02-16T22:59:39","date_gmt":"2023-02-17T02:59:39","guid":{"rendered":"http:\/\/diariodominicano.com\/?p=417443"},"modified":"2023-02-16T23:16:09","modified_gmt":"2023-02-17T03:16:09","slug":"ministerio-publico-solicita-prision-contra-un-profesor-por-muerte-de-adolescente-en-higuey","status":"publish","type":"post","link":"https:\/\/diariodominicano.com\/?p=417443","title":{"rendered":"Ministerio P\u00fablico solicita prisi\u00f3n contra un profesor por muerte de adolescente en Hig\u00fcey"},"content":{"rendered":"\n<p><strong><em><u>Los Fiscal\u00eda tambi\u00e9n solicit\u00f3 medida de coerci\u00f3n contra el primo del maestro por complicidad<\/u><\/em> <\/strong><\/p>\n\n\n\n<p>LA ALTAGRACIA (Rep\u00fablica Dominicana).- El Ministerio P\u00fablico deposit\u00f3 este jueves, ante la Oficina Judicial de Servicios de Atenci\u00f3n Permanente de este distrito judicial, la solicitud de medida de coerci\u00f3n en contra de un profesor y su primo por la muerte de una adolescente de 16 a\u00f1os de edad, en la comunidad Vista Alegre, del distrito municipal La Otra Banda, en el municipio Hig\u00fcey.<\/p>\n\n\n\n<p>La Fiscal\u00eda solicit\u00f3 12 meses de prisi\u00f3n preventiva en contra del profesor John Kelly Mart\u00ednez, quien es imputado como principal sospechoso de la muerte de la adolescente de iniciales ERM.<\/p>\n\n\n\n<p>El \u00f3rgano de justicia tambi\u00e9n pidi\u00f3 la imposici\u00f3n de presentaci\u00f3n peri\u00f3dica en contra de Rubiel Morrillo Mart\u00ednez, primo del imputado, por su complicidad en el hecho.<\/p>\n\n\n\n<p>El Ministerio P\u00fablico ha dado la calificaci\u00f3n jur\u00eddica provisional a los hechos cometidos por el imputado como violaci\u00f3n sexual y asociaci\u00f3n de malhechores para cometer un delito, previstos en los art\u00edculos 265, 266 y 331 del C\u00f3digo Penal Dominicano.<\/p>\n\n\n\n<p>Conforme a los an\u00e1lisis realizados por el Instituto Nacional de Ciencias Forenses (Inacif) la adolescente fue sometida a una actividad sexual violenta, que caus\u00f3 un sangrado, que desencaden\u00f3 en un shock hipovol\u00e9mico.&nbsp;<\/p>\n\n\n\n<p>Sobre el caso, la investigaci\u00f3n indica que en horas de la noche del pasado 12 de febrero la adolescente sali\u00f3 desde el hogar donde resid\u00eda con sus padres en Vista Alegre, en compa\u00f1\u00eda del maestro, as\u00ed como de Morrillo Mart\u00ednez y otras tres alumnas menores de edad.<\/p>\n\n\n\n<p>Refiere que, al retornar a su hogar, alrededor de las 12:00 de la noche, la joven lleg\u00f3 p\u00e1lida y sangrando, por lo que sus padres la ayudaron y qued\u00f3 en su habitaci\u00f3n.<\/p>\n\n\n\n<p>Los padres de la adolescente encontraron a la menor sin vida en el ba\u00f1o de su residencia al d\u00eda siguiente.<\/p>\n","protected":false},"excerpt":{"rendered":"<p>Los Fiscal\u00eda tambi\u00e9n solicit\u00f3 medida de coerci\u00f3n contra el primo del maestro por complicidad LA ALTAGRACIA (Rep\u00fablica Dominicana).- El Ministerio P\u00fablico deposit\u00f3 este jueves, ante la Oficina Judicial de Servicios de Atenci\u00f3n Permanente de este distrito judicial, la solicitud de medida de coerci\u00f3n en contra de un profesor y su primo por la muerte de [&hellip;]<\/p>\n","protected":false},"author":7,"featured_media":316934,"comment_status":"closed","ping_status":"","sticky":false,"template":"","format":"standard","meta":{"footnotes":""},"categories":[20,29],"tags":[],"class_list":["post-417443","post","type-post","status-publish","format-standard","has-post-thumbnail","hentry","category-dominicana-hoy","category-policiasucesos"],"_links":{"self":[{"href":"https:\/\/diariodominicano.com\/index.php?rest_route=\/wp\/v2\/posts\/417443","targetHints":{"allow":["GET"]}}],"collection":[{"href":"https:\/\/diariodominicano.com\/index.php?rest_route=\/wp\/v2\/posts"}],"about":[{"href":"https:\/\/diariodominicano.com\/index.php?rest_route=\/wp\/v2\/types\/post"}],"author":[{"embeddable":true,"href":"https:\/\/diariodominicano.com\/index.php?rest_route=\/wp\/v2\/users\/7"}],"replies":[{"embeddable":true,"href":"https:\/\/diariodominicano.com\/index.php?rest_route=%2Fwp%2Fv2%2Fcomments&post=417443"}],"version-history":[{"count":1,"href":"https:\/\/diariodominicano.com\/index.php?rest_route=\/wp\/v2\/posts\/417443\/revisions"}],"predecessor-version":[{"id":417513,"href":"https:\/\/diariodominicano.com\/index.php?rest_route=\/wp\/v2\/posts\/417443\/revisions\/417513"}],"wp:featuredmedia":[{"embeddable":true,"href":"https:\/\/diariodominicano.com\/index.php?rest_route=\/wp\/v2\/media\/316934"}],"wp:attachment":[{"href":"https:\/\/diariodominicano.com\/index.php?rest_route=%2Fwp%2Fv2%2Fmedia&parent=417443"}],"wp:term":[{"taxonomy":"category","embeddable":true,"href":"https:\/\/diariodominicano.com\/index.php?rest_route=%2Fwp%2Fv2%2Fcategories&post=417443"},{"taxonomy":"post_tag","embeddable":true,"href":"https:\/\/diariodominicano.com\/index.php?rest_route=%2Fwp%2Fv2%2Ftags&post=417443"}],"curies":[{"name":"wp","href":"https:\/\/api.w.org\/{rel}","templated":true}]}}