{"id":41737,"date":"2019-10-16T21:14:44","date_gmt":"2019-10-16T21:14:44","guid":{"rendered":"http:\/\/diariodominicano.ddns.net\/?p=41737"},"modified":"2019-10-16T21:14:44","modified_gmt":"2019-10-16T21:14:44","slug":"abuso-contra-mpt","status":"publish","type":"post","link":"https:\/\/diariodominicano.com\/?p=41737","title":{"rendered":"ABUSO CONTRA MPT"},"content":{"rendered":"<p><body><\/p>\n<p><strong>Por Narciso Isa Conde<\/strong><\/p>\n<\/p>\n<p>Al Movimiento Patria para Todos\/as-MPT, nueva vez, se le niega el reconocimiento de sus derechos electorales \u00a1Abuso de poder incalificable!<\/p>\n<\/p>\n<p>No solo porque las reglas de juego impuestas por la gran partidocracia enriquecida son tremendamente injustas, los prerrequisitos  realmente draconianos y todo el sistema est\u00e1 montado para garantizar bi-partidismo, sino tambi\u00e9n porque las normas se aplican en forma discriminada y absolutamente desigual.<\/p>\n<\/p>\n<p>La vara de medir es politiquera: quien controla pol\u00edticamente la JCE y el TSE decide a quienes se le otorga  el \u00abpermiso\u00bb  de participar en los comicios y a quienes no.<\/p>\n<\/p>\n<p>No tengo dudas de que entre todos los partidos reconocidos, antes y ahora, pocos ?si acaso- cuentan con un dossier parecido al del MPT.<\/p>\n<\/p>\n<p>Pocos de ellos podr\u00edan aproxim\u00e1rsele al MPT en el plano de la honestidad, la \u00e9tica pol\u00edtica y la trayectoria a favor de la libertad, la justicia y la soberan\u00eda.<\/p>\n<\/p>\n<p>Pero lo cierto es que nada de eso vale en este pa\u00eds dominado por mafias pol\u00edticas, empresariales y militares.<\/p>\n<\/p>\n<p>Aqu\u00ed no hay \u00e1rbitro electoral imparcial.<\/p>\n<\/p>\n<p>Me indigna que se atropelle de esa manera a una organizaci\u00f3n dirigida por un militante de izquierda del calibre Iv\u00e1n Rodr\u00edguez Pilier, h\u00e9roe inclaudicable de las guerrillas del 63, de la revoluci\u00f3n de abril y guerra patria del 65.<\/p>\n<\/p>\n<p>Comparo al MPT con tantos partiditos sanguijuelas delincuentes y a Iv\u00e1n con los truhanes que los dirigen, y me indigno mucho m\u00e1s.<\/p>\n<\/p>\n<p>\u00b7         PERTINENCIA DEL CAMBIO RADICAL.<\/p>\n<\/p>\n<p>Esa burda decisi\u00f3n oficial, de puro corte palaciego, confirma las valoraciones que hemos hecho no pocos camaradas de las izquierdas, y en especial los comunistas-caama\u00f1istas de nuestro MC y de la Coalici\u00f3n Izquierda Revolucionaria-Mando.<\/p>\n<\/p>\n<p>Esa JCE tiene due\u00f1o, due\u00f1os poderosos.<\/p>\n<\/p>\n<p>Este sistema electoral est\u00e1 intervenido desde el Palacio Nacional y desde la Casa Blanca, cuyos actores a veces armonizan y a veces forcejean para imponer sus formulas preferidas; pero siempre coinciden en joder a las izquierdas y  a las fuerzas revolucionarias, realmente democr\u00e1ticas y anti-imperialistas.<\/p>\n<\/p>\n<p>Aqu\u00ed no hay \u00e1rbitros electorales, sino instrumentos de la facci\u00f3n pol\u00edtica-empresarial dominante; d\u00f3cil, por dem\u00e1s, a las sugerencias de los Pompeos.<\/p>\n<\/p>\n<p>Aqu\u00ed, cual que sean los resultados, no habr\u00e1 elecciones m\u00ednimamente confiables en el 2020; mucho menos realmente democr\u00e1ticas. Todo ha sido previamente pervertido.<\/p>\n<\/p>\n<p>Esos comicios no pasar\u00e1n de ser una farsa que no se merece el extraordinario esfuerzo desplegado por el MPT, independientemente de que el mismo pueda haberle ayudado a relacionarse m\u00e1s con mucho m\u00e1s personas.  <\/p>\n<\/p>\n<p>Entiendo que hay otras v\u00edas democr\u00e1ticas m\u00e1s consistente, m\u00e1s perdurables y menos fr\u00e1giles para crecer en calidad y cantidad.<\/p>\n<\/p>\n<p>Pero adem\u00e1s est\u00e1 claro que las instituciones est\u00e1n bloqueas para producir cambios significativos. Que esa v\u00eda le sirve fundamentalmente al poder constituido y a sus instrumentos pol\u00edticos, no a quienes queremos desmontarlo.<\/p>\n<\/p>\n<p>De nuestra parte, hace tiempo que decidimos no gastar energ\u00edas en pr\u00e1cticas electoralistas&#8230; mientras no se logre voltear la tortilla, avanzar hacia el CAMBIO RADICAL conformar desde las calles y caminos repletas de dignidad popular las fuerzas capaces de desplazar este tipo de gobiernos, de JCE, Altas Cortes, Sistema Judicial y Congreso&#8230; que yugulan derechos fundamentales y corrompen el sufragio universal.<\/p>\n<\/p>\n<p>Nos resistimos a meternos en el escenario de las votaciones hasta que el Poder Constituyente se imponga para derrotar esta dictadura corrupta disfrazada de democracia, y logre instalar la Asamblea Constituyente popular y soberana, y organizar a continuaci\u00f3n elecciones con \u00e1rbitros serios y confiables.<\/p>\n<\/p>\n<\/p>\n<\/p>\n<p>Zona de los archivos adjuntos<\/p>\n<h6> 2019-10-16 21:14:44 <\/h6>\n<p><!--\n<link rel=\"stylesheet\" href=\"css\/bootstrap.min.css\">\n\n\n<ul class=\"pagination\">\n\t    \n\t\n\n<li >\n\t<a href='?page_no=481'>Previous<\/a>\n\t<\/li>\n\n\n       \n    \n\n<li><a href='?page_no=1'>1<\/a><\/li>\n\n\n\n<li><a href='?page_no=2'>2<\/a><\/li>\n\n\n\n<li><a>...<\/a><\/li>\n\n\n\n<li><a href='?page_no=480'>480<\/a><\/li>\n\n\n\n<li><a href='?page_no=481'>481<\/a><\/li>\n\n\n\n<li class='active'><a>482<\/a><\/li>\n\n\n\n<li><a href='?page_no=483'>483<\/a><\/li>\n\n\n\n<li><a href='?page_no=484'>484<\/a><\/li>\n\n\n\n<li><a>...<\/a><\/li>\n\n\n\n<li><a href='?page_no=13611'>13611<\/a><\/li>\n\n\n\n<li><a href='?page_no=13612'>13612<\/a><\/li>\n\n    \n\t\n\n<li >\n\t<a href='?page_no=483'>Next<\/a>\n\t<\/li>\n\n\n    \n\n<li><a href='?page_no=13612'>Last &rsaquo;&rsaquo;<\/a><\/li>\n\n<\/ul>\n\n\n--><br \/>\n<\/body><\/p>\n","protected":false},"excerpt":{"rendered":"<p>Por Narciso Isa Conde Al Movimiento Patria para Todos\/as-MPT, nueva vez, se le niega el reconocimiento de sus derechos electorales \u00a1Abuso de poder incalificable! No solo porque las reglas de juego impuestas por la gran partidocracia enriquecida son tremendamente injustas, los prerrequisitos realmente draconianos y todo el sistema est\u00e1 montado para garantizar bi-partidismo, sino tambi\u00e9n [&hellip;]<\/p>\n","protected":false},"author":3,"featured_media":0,"comment_status":"open","ping_status":"open","sticky":false,"template":"","format":"standard","meta":{"footnotes":""},"categories":[16],"tags":[],"class_list":["post-41737","post","type-post","status-publish","format-standard","hentry","category-opiniones"],"_links":{"self":[{"href":"https:\/\/diariodominicano.com\/index.php?rest_route=\/wp\/v2\/posts\/41737","targetHints":{"allow":["GET"]}}],"collection":[{"href":"https:\/\/diariodominicano.com\/index.php?rest_route=\/wp\/v2\/posts"}],"about":[{"href":"https:\/\/diariodominicano.com\/index.php?rest_route=\/wp\/v2\/types\/post"}],"author":[{"embeddable":true,"href":"https:\/\/diariodominicano.com\/index.php?rest_route=\/wp\/v2\/users\/3"}],"replies":[{"embeddable":true,"href":"https:\/\/diariodominicano.com\/index.php?rest_route=%2Fwp%2Fv2%2Fcomments&post=41737"}],"version-history":[{"count":0,"href":"https:\/\/diariodominicano.com\/index.php?rest_route=\/wp\/v2\/posts\/41737\/revisions"}],"wp:attachment":[{"href":"https:\/\/diariodominicano.com\/index.php?rest_route=%2Fwp%2Fv2%2Fmedia&parent=41737"}],"wp:term":[{"taxonomy":"category","embeddable":true,"href":"https:\/\/diariodominicano.com\/index.php?rest_route=%2Fwp%2Fv2%2Fcategories&post=41737"},{"taxonomy":"post_tag","embeddable":true,"href":"https:\/\/diariodominicano.com\/index.php?rest_route=%2Fwp%2Fv2%2Ftags&post=41737"}],"curies":[{"name":"wp","href":"https:\/\/api.w.org\/{rel}","templated":true}]}}