{"id":417151,"date":"2023-02-15T00:37:44","date_gmt":"2023-02-15T04:37:44","guid":{"rendered":"http:\/\/diariodominicano.com\/?p=417151"},"modified":"2023-02-15T00:37:53","modified_gmt":"2023-02-15T04:37:53","slug":"pn-de-santiago-apresa-dos-hombres-en-santo-domingo-uno-autor-de-asalto-en-intento-de-homicidio-cometido-en-santiago","status":"publish","type":"post","link":"https:\/\/diariodominicano.com\/?p=417151","title":{"rendered":"PN de Santiago apresa dos hombres en Santo Domingo uno autor de asalto en intento de homicidio cometido en Santiago"},"content":{"rendered":"\n<p>Archivo<\/p>\n\n\n\n<p><strong>Persigue otros implicados y le hace un llamado de entrega por la v\u00eda que consideren pertinente.<\/strong><\/p>\n\n\n\n<p><strong>Santiago de los Caballeros, 14 de Febrero del 2023.-<\/strong>\u00a0D\u00e1ndole seguimiento a una denuncia presentada por un ciudadano v\u00edctima de asalto y tentativa de homicidio, quien fue herido y despojado de una alta suma de dinero en d\u00f3lares y pesos dominicano, resultando adem\u00e1s herido, fue apresado uno de los presuntos autores de cometer dicho hecho mediante orden de allanamiento y otro por presunta implicaci\u00f3n, inform\u00f3 el martes la Subdirecci\u00f3n de Comunicaciones Estrat\u00e9gicas de la Polic\u00eda Nacional.<\/p>\n\n\n\n<p>Se trata de Juan Ricardo Contreras Ozuna alias Ricardito, de 27 a\u00f1os, con la orden judicial No. 01019-2023 en la calle 2 de la urbanizaci\u00f3n Mendoza I de Santo Domingo Este.<\/p>\n\n\n\n<p>El informe policial indica que Contreras Ozuna, es unos de los autores de haber herido y despojado a Deivys Osvaldo Sarita Ramos de&nbsp;&nbsp;USD$20 mil d\u00f3lares y 500 mil pesos en efectivo, as\u00ed como tambi\u00e9n de tres celulares, en un hecho ocurrido en el sector Secara el pasado 30 de noviembre del 2022,&nbsp;&nbsp;cuando sal\u00eda de un club gall\u00edstico, en compa\u00f1\u00eda de Jean Carlos Jim\u00e9nez P\u00e9rez, Daniel Ortiz N\u00fa\u00f1ez alias Luz Baja, Edward Rafael Medrano alias Trabero y unos tales Ca\u00f1ita y El Moreno quienes est\u00e1n pr\u00f3fugos.<\/p>\n\n\n\n<p>Al momento de la detenci\u00f3n se le ocup\u00f3 un radio de comunicaci\u00f3n, un arma de fuego de fabricaci\u00f3n casera denominada chag\u00f3n, una balanza, dos celulares, varias prendas preciosas entre ellas un reloj marca Guess, una cadena con medalla de Jesucristo, un anillo, un par de aretes y&nbsp;&nbsp;una libreta peque\u00f1a con diversos n\u00fameros telef\u00f3nicos y direcciones manuscritas.<\/p>\n\n\n\n<p>Adem\u00e1s de una gorra con letras de prevenci\u00f3n narc\u00f3tica, una placa para veh\u00edculos del estado de Pennsylvania numero JRM-1123, un polocher, un par de tenis y el carro marca Honda Civic, a\u00f1o 2016, de color gris,&nbsp;&nbsp;placa No. A946974.<\/p>\n\n\n\n<p>Tambi\u00e9n fue apresado mediante orden de arresto No. 01020-2023, Aneuris Ariel Jim\u00e9nez Paulino de 39 a\u00f1os, residente en los Corales del Sur de Santo Domingo Este, quien de manera voluntaria entreg\u00f3 la jeepeta marca Honda CRV color blanco a\u00f1o 2016, placa G456862, chasis No. 5J6RM3H44GI031730; la misma fue rentada a Jean Carlos Jim\u00e9nez P\u00e9rez, entreg\u00e1ndola, ya que la hab\u00eda chocado y la estaba reparando, y dijo que tambi\u00e9n le ha rentados otros veh\u00edculos.<\/p>\n\n\n\n<p>En cuanto a los detenidos al ser depurados en nuestro sistema policial, Contreras Ozuna, figura con un registro por robo de fecha 10-01-2019.<\/p>\n\n\n\n<p>La Polic\u00eda le hace un llamado a los pr\u00f3fugos para que se entreguen por la v\u00eda que consideren pertinente, para que respondan ante la justicia por el hecho que se le atribuye.<\/p>\n\n\n\n<p>Los prevenidos y lo ocupado se encuentran en poder de los fiscales actuantes para fines procedentes de ley.<\/p>\n\n\n\n<p>npolicia14@gmail.com<\/p>\n\n\n\n<p><\/p>\n\n\n\n<p><strong>SUBDIRECCION DE COMUNICACIONES ESTRATEGICAS DE LA POLICIA NACIONAL, DIRECCI\u00d3N REGIONAL CIBAO CENTRAL.<\/strong><\/p>\n\n\n\n<p><\/p>\n","protected":false},"excerpt":{"rendered":"<p>Archivo Persigue otros implicados y le hace un llamado de entrega por la v\u00eda que consideren pertinente. Santiago de los Caballeros, 14 de Febrero del 2023.-\u00a0D\u00e1ndole seguimiento a una denuncia presentada por un ciudadano v\u00edctima de asalto y tentativa de homicidio, quien fue herido y despojado de una alta suma de dinero en d\u00f3lares y [&hellip;]<\/p>\n","protected":false},"author":28,"featured_media":390452,"comment_status":"closed","ping_status":"","sticky":true,"template":"","format":"standard","meta":{"footnotes":""},"categories":[29,27],"tags":[],"class_list":["post-417151","post","type-post","status-publish","format-standard","has-post-thumbnail","hentry","category-policiasucesos","category-portada"],"_links":{"self":[{"href":"https:\/\/diariodominicano.com\/index.php?rest_route=\/wp\/v2\/posts\/417151","targetHints":{"allow":["GET"]}}],"collection":[{"href":"https:\/\/diariodominicano.com\/index.php?rest_route=\/wp\/v2\/posts"}],"about":[{"href":"https:\/\/diariodominicano.com\/index.php?rest_route=\/wp\/v2\/types\/post"}],"author":[{"embeddable":true,"href":"https:\/\/diariodominicano.com\/index.php?rest_route=\/wp\/v2\/users\/28"}],"replies":[{"embeddable":true,"href":"https:\/\/diariodominicano.com\/index.php?rest_route=%2Fwp%2Fv2%2Fcomments&post=417151"}],"version-history":[{"count":2,"href":"https:\/\/diariodominicano.com\/index.php?rest_route=\/wp\/v2\/posts\/417151\/revisions"}],"predecessor-version":[{"id":417153,"href":"https:\/\/diariodominicano.com\/index.php?rest_route=\/wp\/v2\/posts\/417151\/revisions\/417153"}],"wp:featuredmedia":[{"embeddable":true,"href":"https:\/\/diariodominicano.com\/index.php?rest_route=\/wp\/v2\/media\/390452"}],"wp:attachment":[{"href":"https:\/\/diariodominicano.com\/index.php?rest_route=%2Fwp%2Fv2%2Fmedia&parent=417151"}],"wp:term":[{"taxonomy":"category","embeddable":true,"href":"https:\/\/diariodominicano.com\/index.php?rest_route=%2Fwp%2Fv2%2Fcategories&post=417151"},{"taxonomy":"post_tag","embeddable":true,"href":"https:\/\/diariodominicano.com\/index.php?rest_route=%2Fwp%2Fv2%2Ftags&post=417151"}],"curies":[{"name":"wp","href":"https:\/\/api.w.org\/{rel}","templated":true}]}}