{"id":41715,"date":"2019-10-18T09:35:35","date_gmt":"2019-10-18T09:35:35","guid":{"rendered":"http:\/\/diariodominicano.ddns.net\/?p=41715"},"modified":"2019-10-18T09:35:35","modified_gmt":"2019-10-18T09:35:35","slug":"ni-de-sorpresa-ni-con-la-guardia-baja","status":"publish","type":"post","link":"https:\/\/diariodominicano.com\/?p=41715","title":{"rendered":"&#13;&#13;NI DE SORPRESA NI CON LA GUARDIA BAJA"},"content":{"rendered":"<p><body><\/p>\n<p><strong>Mario Rivadulla<\/strong><\/p>\n<\/p>\n<p>Ya durante la primera mitad del presente a\u00f1o, las tensiones pol\u00edticas, sobre todo en torno al partido de gobierno, afectaron de manera negativa el normal desenvolvimiento de las actividades econ\u00f3micas.  <\/p>\n<\/p>\n<p>A esa influencia adversa, se sum\u00f3 la inesperada campa\u00f1a de descr\u00e9dito a nivel internacional contra nuestra pujante y vital industria tur\u00edstica, con mayor \u00e9nfasis en algunos medios de comunicaci\u00f3n estadounidenses, nuestro principal  y m\u00e1s importante mercado, manipulando a capricho, en forma sesgada y prejuiciosa, el fallecimiento de una cantidad no mayor del promedio de visitantes estadounidenses considerada de rango normal por el Departamento de Estado, en ninguno de los cuales la investigaci\u00f3n forense detect\u00f3 la menor evidencia de que no respondieran  exclusivamente a causas naturales.  Una situaci\u00f3n para enfrentar la cual carecimos en ese momento de la necesaria capacidad de respuesta inmediata, agresiva y esclarecedora.<\/p>\n<\/p>\n<p>La llamada en lenguaje acad\u00e9mico \u00abralentizaci\u00f3n\u00bb de la econom\u00eda, oblig\u00f3 al Banco Central a adoptar medidas de contingencia. Tales las sucesivas liberaciones de buena parte del excedido encaje legal de la banca comercial, a fin de incrementar la oferta de cr\u00e9dito sobre todo a favor de los sectores productivos.  Fue una medida oportuna e inteligente que logr\u00f3 frenar la tendencia bajista e insuflar nuevo aliento al crecimiento econ\u00f3mico. <\/p>\n<\/p>\n<p>Ello, seg\u00fan los datos ofrecidos por la instituci\u00f3n rectora del sistema financiero, permiti\u00f3 que al cierre del mes de agosto el crecimiento de la econom\u00eda se situara en un 4.7 por ciento, ya cercano al rango pronosticado de 5 a comienzos del a\u00f1o.<\/p>\n<\/p>\n<p>Ahora, entrados de lleno en el \u00faltimo trimestre del a\u00f1o, la econom\u00eda del pa\u00eds se enfrenta a nuevos obst\u00e1culos, tanto en el plano dom\u00e9stico como por factores externos.<\/p>\n<\/p>\n<p>Por un lado, las disputadas Primarias en el seno del partido de gobierno, que ha absorbido  gran parte de la atenci\u00f3n de sus ministros y funcionarios de alto nivel entregados de lleno a la campa\u00f1a a favor de la nominaci\u00f3n del candidato oficial, y la posterior resaca a causa de los cuestionamientos de la otra corriente dominante encabezada por el ex presidente Leonel Fern\u00e1ndez sobre el desarrollo y resultado de las mismas.<\/p>\n<\/p>\n<p>La persistente y cada vez m\u00e1s acentuada crisis de Hait\u00ed, que nos obliga a no perder pie ni pisada de lo que ocurre al otro lado de la isla por los efectos que pudieran reflejarse aqu\u00ed. En este caso, no solo la amenaza de una desbandada migratoria de ilegales volcada sobre la frontera, sino por los serios quebrantos econ\u00f3micos ocasionado a tradicionales suplidores del mercado vecino.  Tal por citar solo un caso y como ejemplo m\u00e1s palpable, el que afecta muy seriamente al importante sector de productores de huevos, que han visto reducido de manera casi ruinosa un mercado  de primer\u00edsima importancia.<\/p>\n<\/p>\n<p>El sostenido ritmo de crecimiento del sector tur\u00edstico se ha detenido.  Miles de reservas en el sector hotelero, sobre todo Punta Cana y B\u00e1varo, los dos principales enclaves, se han cancelado. La llegada de turistas estadounidenses acusa una reducci\u00f3n de decenas de miles, lo que a su vez se ha traducido en una baja de ingresos del orden de 200 millones de d\u00f3lares en lo que va de este 2019.  La depreciaci\u00f3n del valor del peso frente a la divisa extranjera oblig\u00f3 al Banco Central a echar mano de sus reservas para detener la tendencia alcista.  El ritmo de crecimiento de las exportaciones se ha reducido.  Y a\u00fan no sabemos a ciencia cierta como nos pudiera afectar la guerra arancelaria comercial entre China y Estados Unidos.  <\/p>\n<\/p>\n<p>Este incierto panorama en la medida en que se prolongue la crisis pol\u00edtica y las tensiones derivadas de la misma, pudiera oscurecerse el pr\u00f3ximo a\u00f1o y convertir la situaci\u00f3n econ\u00f3mica del pa\u00eds en la cl\u00e1sica \u00abpapa caliente\u00bb para el gobierno que surja de las urnas en el 2020, y la posibilidad que apuntan algunos economistas de tener que acudir en reclamo de ayuda al FMI con su tradicional recetario de severos reajustes siempre perturbadores en el plano social.<\/p>\n<\/p>\n<p>Son en fin elementos y posibilidades muy de tomar en cuenta para que nos sirvan de alerta, y caso de ocurrir no nos tomen de sorpresa ni con la guardia baja. <\/p>\n<\/p>\n<h6> 2019-10-18 09:35:35 <\/h6>\n<p><!--\n<link rel=\"stylesheet\" href=\"css\/bootstrap.min.css\">\n\n\n<ul class=\"pagination\">\n\t    \n\t\n\n<li >\n\t<a href='?page_no=479'>Previous<\/a>\n\t<\/li>\n\n\n       \n    \n\n<li><a href='?page_no=1'>1<\/a><\/li>\n\n\n\n<li><a href='?page_no=2'>2<\/a><\/li>\n\n\n\n<li><a>...<\/a><\/li>\n\n\n\n<li><a href='?page_no=478'>478<\/a><\/li>\n\n\n\n<li><a href='?page_no=479'>479<\/a><\/li>\n\n\n\n<li class='active'><a>480<\/a><\/li>\n\n\n\n<li><a href='?page_no=481'>481<\/a><\/li>\n\n\n\n<li><a href='?page_no=482'>482<\/a><\/li>\n\n\n\n<li><a>...<\/a><\/li>\n\n\n\n<li><a href='?page_no=13611'>13611<\/a><\/li>\n\n\n\n<li><a href='?page_no=13612'>13612<\/a><\/li>\n\n    \n\t\n\n<li >\n\t<a href='?page_no=481'>Next<\/a>\n\t<\/li>\n\n\n    \n\n<li><a href='?page_no=13612'>Last &rsaquo;&rsaquo;<\/a><\/li>\n\n<\/ul>\n\n\n--><br \/>\n<\/body><\/p>\n","protected":false},"excerpt":{"rendered":"<p>Mario Rivadulla Ya durante la primera mitad del presente a\u00f1o, las tensiones pol\u00edticas, sobre todo en torno al partido de gobierno, afectaron de manera negativa el normal desenvolvimiento de las actividades econ\u00f3micas. A esa influencia adversa, se sum\u00f3 la inesperada campa\u00f1a de descr\u00e9dito a nivel internacional contra nuestra pujante y vital industria tur\u00edstica, con mayor [&hellip;]<\/p>\n","protected":false},"author":3,"featured_media":0,"comment_status":"open","ping_status":"open","sticky":false,"template":"","format":"standard","meta":{"footnotes":""},"categories":[16],"tags":[],"class_list":["post-41715","post","type-post","status-publish","format-standard","hentry","category-opiniones"],"_links":{"self":[{"href":"https:\/\/diariodominicano.com\/index.php?rest_route=\/wp\/v2\/posts\/41715","targetHints":{"allow":["GET"]}}],"collection":[{"href":"https:\/\/diariodominicano.com\/index.php?rest_route=\/wp\/v2\/posts"}],"about":[{"href":"https:\/\/diariodominicano.com\/index.php?rest_route=\/wp\/v2\/types\/post"}],"author":[{"embeddable":true,"href":"https:\/\/diariodominicano.com\/index.php?rest_route=\/wp\/v2\/users\/3"}],"replies":[{"embeddable":true,"href":"https:\/\/diariodominicano.com\/index.php?rest_route=%2Fwp%2Fv2%2Fcomments&post=41715"}],"version-history":[{"count":0,"href":"https:\/\/diariodominicano.com\/index.php?rest_route=\/wp\/v2\/posts\/41715\/revisions"}],"wp:attachment":[{"href":"https:\/\/diariodominicano.com\/index.php?rest_route=%2Fwp%2Fv2%2Fmedia&parent=41715"}],"wp:term":[{"taxonomy":"category","embeddable":true,"href":"https:\/\/diariodominicano.com\/index.php?rest_route=%2Fwp%2Fv2%2Fcategories&post=41715"},{"taxonomy":"post_tag","embeddable":true,"href":"https:\/\/diariodominicano.com\/index.php?rest_route=%2Fwp%2Fv2%2Ftags&post=41715"}],"curies":[{"name":"wp","href":"https:\/\/api.w.org\/{rel}","templated":true}]}}