{"id":41714,"date":"2020-10-07T14:19:45","date_gmt":"2020-10-07T14:19:45","guid":{"rendered":"http:\/\/diariodominicano.ddns.net\/?p=41714"},"modified":"2020-10-07T14:19:45","modified_gmt":"2020-10-07T14:19:45","slug":"errada-estrategia-del-gobierno","status":"publish","type":"post","link":"https:\/\/diariodominicano.com\/?p=41714","title":{"rendered":"Errada estrategia del Gobierno"},"content":{"rendered":"<p><body><\/p>\n<p>VISI\u00d3N GLOBAL<\/p>\n<\/p>\n<p>Por Nelson Encarnaci\u00f3n<\/p>\n<\/p>\n<\/p>\n<p>Errada estrategia del Gobierno<\/p>\n<\/p>\n<p>Un an\u00e1lisis alejado de la pasi\u00f3n pol\u00edtica y que tienda a poner las cosas en su lugar tendr\u00eda que empezar por aceptar que el presidente Luis Abinader no puede haber comenzado su gesti\u00f3n sobre un lecho de rosas.<\/p>\n<\/p>\n<p>Pero era una situaci\u00f3n previsible que se supone el candidato y hoy presidente de la Rep\u00fablica y su equipo deb\u00edan de tener presente, pues los datos estaban fluyendo a pesar del inter\u00e9s de la pasada administraci\u00f3n por ocultarlos.<\/p>\n<\/p>\n<p>Si tomamos las estad\u00edsticas de los \u00faltimos meses del Gobierno anterior nos topamos con que s\u00f3lo el Banco Central le estaba diciendo la verdad al pa\u00eds sobre el impacto real de la crisis generada por la pandemia, una situaci\u00f3n que ya se ven\u00eda incubando dada la irresponsabilidad en el manejo del gasto p\u00fablico y el endeudamiento.<\/p>\n<\/p>\n<p>En su calidad de principal candidato opositor, Abinader manejaba esas estad\u00edsticas y se da por descontado que en tales conocimientos el ganador queda en condiciones de un mejor desempe\u00f1o si ya sab\u00eda a lo que se enfrentaba cuando asumiera el poder.<\/p>\n<\/p>\n<p>Por lo dem\u00e1s, debemos recordar que Abinader ven\u00eda de competir por la presidencia de la Rep\u00fablica en las elecciones de 2016, una condici\u00f3n que le agregaba un ingrediente a su favor en lo que concierne a conocer?o cuando menos estar medianamente enterado?del embrollo que dejar\u00eda el Gobierno del Partido de la Liberaci\u00f3n Dominicana.<\/p>\n<\/p>\n<p>Es decir, que cuando abri\u00f3 la b\u00f3veda imaginaria del Gobierno y en lugar de billetes de banco le salieron serpientes, ten\u00eda que estar preparado para enfrentar esos apremios sin apretar m\u00e1s el cuello a una poblaci\u00f3n que no resiste una vuelta m\u00e1s.<\/p>\n<\/p>\n<p>Ahora bien, \u00bfd\u00f3nde ha estado la falla del equipo de Gobierno? Creo que el principal problema ha sido de una debida edificaci\u00f3n de la poblaci\u00f3n respecto de la realidad global del aparato estatal, sin cuyo nivel de informaci\u00f3n es entendible que la gente reaccionara opuesta rotundamente a pagar unos platos que rompi\u00f3 la irresponsabilidad de la pasada administraci\u00f3n o a recoger la factura de una fiesta en la que no particip\u00f3.<\/p>\n<\/p>\n<p>Pero cuando hablamos de edificar el pa\u00eds no me refiero a simples denuncias de funcionarios de que tal departamento fue diezmado. Eso ayuda si est\u00e1 coordinado. Sin coordinar no es comunicaci\u00f3n, m\u00e1s bien se percibe como ruido.<\/p>\n<\/p>\n<p>A lo que me refiero es que antes de presentar el proyecto de presupuesto con las cargas que han crispado a la mayor\u00eda del pueblo, el presidente Abinader debi\u00f3 dirigirse a la naci\u00f3n para detallar el nivel de ruina financiera, y apelar a la comprensi\u00f3n de todos frente a las medidas a implementar.<\/p>\n<\/p>\n<p>Estoy seguro de que el resultado hoy ser\u00eda diferente. Con perd\u00f3n&#8230;<\/p>\n<\/p>\n<p>Nelsonencar10@gmail.com<\/p>\n<\/p>\n<h6> 2020-10-07 14:19:45 <\/h6>\n<p><!--\n<link rel=\"stylesheet\" href=\"css\/bootstrap.min.css\">\n\n\n<ul class=\"pagination\">\n\t    \n\t\n\n<li >\n\t<a href='?page_no=47'>Previous<\/a>\n\t<\/li>\n\n\n       \n    \n\n<li><a href='?page_no=1'>1<\/a><\/li>\n\n\n\n<li><a href='?page_no=2'>2<\/a><\/li>\n\n\n\n<li><a>...<\/a><\/li>\n\n\n\n<li><a href='?page_no=46'>46<\/a><\/li>\n\n\n\n<li><a href='?page_no=47'>47<\/a><\/li>\n\n\n\n<li class='active'><a>48<\/a><\/li>\n\n\n\n<li><a href='?page_no=49'>49<\/a><\/li>\n\n\n\n<li><a href='?page_no=50'>50<\/a><\/li>\n\n\n\n<li><a>...<\/a><\/li>\n\n\n\n<li><a href='?page_no=13611'>13611<\/a><\/li>\n\n\n\n<li><a href='?page_no=13612'>13612<\/a><\/li>\n\n    \n\t\n\n<li >\n\t<a href='?page_no=49'>Next<\/a>\n\t<\/li>\n\n\n    \n\n<li><a href='?page_no=13612'>Last &rsaquo;&rsaquo;<\/a><\/li>\n\n<\/ul>\n\n\n--><br \/>\n<\/body><\/p>\n","protected":false},"excerpt":{"rendered":"<p>VISI\u00d3N GLOBAL Por Nelson Encarnaci\u00f3n Errada estrategia del Gobierno Un an\u00e1lisis alejado de la pasi\u00f3n pol\u00edtica y que tienda a poner las cosas en su lugar tendr\u00eda que empezar por aceptar que el presidente Luis Abinader no puede haber comenzado su gesti\u00f3n sobre un lecho de rosas. Pero era una situaci\u00f3n previsible que se supone [&hellip;]<\/p>\n","protected":false},"author":3,"featured_media":0,"comment_status":"open","ping_status":"open","sticky":false,"template":"","format":"standard","meta":{"footnotes":""},"categories":[16],"tags":[],"class_list":["post-41714","post","type-post","status-publish","format-standard","hentry","category-opiniones"],"_links":{"self":[{"href":"https:\/\/diariodominicano.com\/index.php?rest_route=\/wp\/v2\/posts\/41714","targetHints":{"allow":["GET"]}}],"collection":[{"href":"https:\/\/diariodominicano.com\/index.php?rest_route=\/wp\/v2\/posts"}],"about":[{"href":"https:\/\/diariodominicano.com\/index.php?rest_route=\/wp\/v2\/types\/post"}],"author":[{"embeddable":true,"href":"https:\/\/diariodominicano.com\/index.php?rest_route=\/wp\/v2\/users\/3"}],"replies":[{"embeddable":true,"href":"https:\/\/diariodominicano.com\/index.php?rest_route=%2Fwp%2Fv2%2Fcomments&post=41714"}],"version-history":[{"count":0,"href":"https:\/\/diariodominicano.com\/index.php?rest_route=\/wp\/v2\/posts\/41714\/revisions"}],"wp:attachment":[{"href":"https:\/\/diariodominicano.com\/index.php?rest_route=%2Fwp%2Fv2%2Fmedia&parent=41714"}],"wp:term":[{"taxonomy":"category","embeddable":true,"href":"https:\/\/diariodominicano.com\/index.php?rest_route=%2Fwp%2Fv2%2Fcategories&post=41714"},{"taxonomy":"post_tag","embeddable":true,"href":"https:\/\/diariodominicano.com\/index.php?rest_route=%2Fwp%2Fv2%2Ftags&post=41714"}],"curies":[{"name":"wp","href":"https:\/\/api.w.org\/{rel}","templated":true}]}}