{"id":41703,"date":"2019-10-20T13:38:20","date_gmt":"2019-10-20T13:38:20","guid":{"rendered":"http:\/\/diariodominicano.ddns.net\/?p=41703"},"modified":"2019-10-20T13:38:20","modified_gmt":"2019-10-20T13:38:20","slug":"jce-descalificada","status":"publish","type":"post","link":"https:\/\/diariodominicano.com\/?p=41703","title":{"rendered":"JCE DESCALIFICADA"},"content":{"rendered":"<p><body><\/p>\n<\/p>\n<p>                                                                                       <strong>                  Por Narciso Isa Conde<\/strong><\/p>\n<\/p>\n<p>Entre todas las instituciones descalificadas -incluido el gobierno central que volc\u00f3 en las primarias poder, recursos y medios del Estado contra  de una facci\u00f3n del PLD (tambi\u00e9n culpable de corrupci\u00f3n y fraudes)- se ha destacado  la maleada JCE.<\/p>\n<\/p>\n<p>La descalificaci\u00f3n es total por tolerar y\/o apa\u00f1ar propaganda y publicidad ilegal, m\u00edtines y caravanas prohibidas, compras descaradas de c\u00e9dulas y votos, uso abusivos de recursos p\u00fablicos (del gobierno, congreso, alcald\u00edas&#8230;), repartos descarados de dinero+ y alimentos, autorizaciones de puntos de drogas, precandidatos denunciados como corruptos; violaciones a sus propios reglamentos y leyes, resistencia a auditar previamente los sistemas automatizados y a permitir fiscalizaciones compartidas, y fuertes evidencias de adulteraciones en el conteo autom\u00e1tico.<\/p>\n<\/p>\n<p>Recuerden a Casta\u00f1os presentar a Danilo Medina como un \u00abelegido\u00bb y acusar de pretender sembrar el caos cuando Marcha Verde auspicio el Juicio Pol\u00edtico a al Presidente Medina por su rol en la estafa de Punta Catalina. Quienes proceden de esa manera en forma reiteradas, evidentemente est\u00e1n incapacitados para un viraje que implique garant\u00edas de imparcialidad.<\/p>\n<\/p>\n<p>Eso explica que esa entidad haya reiterado no se arrepentirse de nada, que  no acepte objeciones por consistentes que sean y que a la vez se resista a renunciar. Pero adem\u00e1s, ante una hipot\u00e9tica dimisi\u00f3n, el danilismo y sus socios empresariales- aunque ahora m\u00e1s condicionados por el supra-poder imperialista (\u00a1Pompeo!)- tienen el control de las v\u00edas institucionales para imponer otra JCE parecida y manipular la que est\u00e1.<\/p>\n<\/p>\n<p> La JCE  y el TSE son partes de un sistema institucional en el que gravita fuertemente el Poder Ejecutivo, como pasa tambi\u00e9n con el Sistema Judicial y el Poder legislativo. Conforman, pues, una dictadura constitucional montada sobre una dictadura de clase, actualmente bajo el mando de poderosos grupos empresariales afines, que controlando el CONEP, han sido capaces de hablar de transparencia en medio de este pantano pre-electoral.<\/p>\n<\/p>\n<p>A mecanismos de poder con esas caracter\u00edsticas en vez de demandarles renuncia se impone la necesidad de \u00abrenunciarlos\u00bb por v\u00eda extra-institucional, ejerciendo democracia de calle, moviliz\u00e1ndonos, desobedeciendo a autoridades ileg\u00edtimas y abusadoras;  necesidad imperiosa que cuenta con el rechazo tanto del oficialismo como de la oposici\u00f3n electoralista (PRM y leonelismo), lo que indica cuanto se parecen.<\/p>\n<\/p>\n<p>Ahora bien, si todo lo denunciado se dio y se toler\u00f3 en el marco de las primarias del  PLD, hay que esperar cosas parecidas y peores en el escenario electoral del 2020&#8230; y m\u00e1s all\u00e1; salvo que  el pueblo, mediante proceso constituyente, arranque de ra\u00edz el mal. (Domingo 19-10-2019)<\/p>\n<\/p>\n<h6> 2019-10-20 13:38:20 <\/h6>\n<p><!--\n<link rel=\"stylesheet\" href=\"css\/bootstrap.min.css\">\n\n\n<ul class=\"pagination\">\n\t    \n\t\n\n<li >\n\t<a href='?page_no=478'>Previous<\/a>\n\t<\/li>\n\n\n       \n    \n\n<li><a href='?page_no=1'>1<\/a><\/li>\n\n\n\n<li><a href='?page_no=2'>2<\/a><\/li>\n\n\n\n<li><a>...<\/a><\/li>\n\n\n\n<li><a href='?page_no=477'>477<\/a><\/li>\n\n\n\n<li><a href='?page_no=478'>478<\/a><\/li>\n\n\n\n<li class='active'><a>479<\/a><\/li>\n\n\n\n<li><a href='?page_no=480'>480<\/a><\/li>\n\n\n\n<li><a href='?page_no=481'>481<\/a><\/li>\n\n\n\n<li><a>...<\/a><\/li>\n\n\n\n<li><a href='?page_no=13611'>13611<\/a><\/li>\n\n\n\n<li><a href='?page_no=13612'>13612<\/a><\/li>\n\n    \n\t\n\n<li >\n\t<a href='?page_no=480'>Next<\/a>\n\t<\/li>\n\n\n    \n\n<li><a href='?page_no=13612'>Last &rsaquo;&rsaquo;<\/a><\/li>\n\n<\/ul>\n\n\n--><br \/>\n<\/body><\/p>\n","protected":false},"excerpt":{"rendered":"<p>Por Narciso Isa Conde Entre todas las instituciones descalificadas -incluido el gobierno central que volc\u00f3 en las primarias poder, recursos y medios del Estado contra de una facci\u00f3n del PLD (tambi\u00e9n culpable de corrupci\u00f3n y fraudes)- se ha destacado la maleada JCE. La descalificaci\u00f3n es total por tolerar y\/o apa\u00f1ar propaganda y publicidad ilegal, m\u00edtines [&hellip;]<\/p>\n","protected":false},"author":3,"featured_media":0,"comment_status":"open","ping_status":"open","sticky":false,"template":"","format":"standard","meta":{"footnotes":""},"categories":[16],"tags":[],"class_list":["post-41703","post","type-post","status-publish","format-standard","hentry","category-opiniones"],"_links":{"self":[{"href":"https:\/\/diariodominicano.com\/index.php?rest_route=\/wp\/v2\/posts\/41703","targetHints":{"allow":["GET"]}}],"collection":[{"href":"https:\/\/diariodominicano.com\/index.php?rest_route=\/wp\/v2\/posts"}],"about":[{"href":"https:\/\/diariodominicano.com\/index.php?rest_route=\/wp\/v2\/types\/post"}],"author":[{"embeddable":true,"href":"https:\/\/diariodominicano.com\/index.php?rest_route=\/wp\/v2\/users\/3"}],"replies":[{"embeddable":true,"href":"https:\/\/diariodominicano.com\/index.php?rest_route=%2Fwp%2Fv2%2Fcomments&post=41703"}],"version-history":[{"count":0,"href":"https:\/\/diariodominicano.com\/index.php?rest_route=\/wp\/v2\/posts\/41703\/revisions"}],"wp:attachment":[{"href":"https:\/\/diariodominicano.com\/index.php?rest_route=%2Fwp%2Fv2%2Fmedia&parent=41703"}],"wp:term":[{"taxonomy":"category","embeddable":true,"href":"https:\/\/diariodominicano.com\/index.php?rest_route=%2Fwp%2Fv2%2Fcategories&post=41703"},{"taxonomy":"post_tag","embeddable":true,"href":"https:\/\/diariodominicano.com\/index.php?rest_route=%2Fwp%2Fv2%2Ftags&post=41703"}],"curies":[{"name":"wp","href":"https:\/\/api.w.org\/{rel}","templated":true}]}}