{"id":416828,"date":"2023-02-13T16:10:35","date_gmt":"2023-02-13T20:10:35","guid":{"rendered":"http:\/\/diariodominicano.com\/?p=416828"},"modified":"2023-02-13T16:10:35","modified_gmt":"2023-02-13T20:10:35","slug":"abel-martinez-expresa-pesar-por-muerte-de-nino-en-carnaval-plantea-necesidad-de-avance-reforma-pn","status":"publish","type":"post","link":"https:\/\/diariodominicano.com\/?p=416828","title":{"rendered":"Abel Mart\u00ednez expresa pesar por muerte de ni\u00f1o en carnaval; plantea necesidad de avance Reforma PN"},"content":{"rendered":"\n<p>Alcalde Abel Mart\u00ednez<\/p>\n\n\n\n<p><strong>Manifiesta solidaridad con la familia y con la sociedad en general que ha sido afectada e impactada negativamente con esta tragedia.<\/strong><\/p>\n\n\n\n<p><strong>Santiago, RD-\u00a0<\/strong>El alcalde de Santiago, Abel Mart\u00ednez, expres\u00f3 su pesar por la muerte de un menor de edad de 12 a\u00f1os en momentos en que el padre del fallecido era detenido por agentes policiales, alegadamente por tener la m\u00fasica muy alta durante el desarrollo del carnaval de esta ciudad.<\/p>\n\n\n\n<p>\u201cLas im\u00e1genes que vemos en las redes sociales son simplemente desgarradoras. No entendemos c\u00f3mo durante el desarrollo de una tradicional actividad cultural en la que participan miles de familias, se asignen agentes policiales sin la preparaci\u00f3n suficiente para custodiar a la ciudadan\u00eda y se realice un operativo por contaminaci\u00f3n s\u00f3nica, en una celebraci\u00f3n de esta naturaleza, en la que nunca antes se hab\u00eda producido un suceso de esta \u00edndole\u201d, expres\u00f3 Mart\u00ednez a trav\u00e9s de un comunicado de prensa.<\/p>\n\n\n\n<p>El lamentable hecho pone una vez m\u00e1s el dedo sobre la llaga en torno a la Reforma Policial y la necesidad de que los agentes de la Polic\u00eda Nacional asignados a labores de contacto con la ciudadan\u00eda, tengan un perfil adecuado y sean capacitados con los protocolos necesarios para estas tareas.<\/p>\n\n\n\n<p>\u201cNo es posible que, en un ambiente festivo, p\u00fablico, se env\u00eden equipos policiales como si estuvi\u00e9ramos en operativo de alto riesgo, con agentes fuertemente armados, con pasamonta\u00f1as y una parafernalia innecesaria para estar entre personas que simplemente disfrutan sanamente, sin armas, en familia y peor a\u00fan, irse para preservar la integridad del agente que dispar\u00f3 y dejar tirado a su suerte al ni\u00f1o herido. Es algo ins\u00f3lito. Esta muerte nos llena de gran dolor y debe llamar a la reflexi\u00f3n en torno a la Reforma Policial, la cual se encuentra un proceso de inercia y letargo\u201d, manifest\u00f3 Abel Mart\u00ednez.<\/p>\n\n\n\n<p>El alcalde de Santiago recomend\u00f3 que desde el cuerpo del orden se trabaje en la capacitaci\u00f3n del personal llamado a preservar los derechos de la ciudadan\u00eda, y abog\u00f3 por una depuraci\u00f3n profunda y seria en ese sentido. \u201cNo podemos seguir con agentes policiales que no tienen ni la capacidad, ni el control emocional para tener un arma de fuego, la cual, muchos asumen como una licencia abierta para matar. Preservar la seguridad y el orden p\u00fablico, no es lo mismo que combatir la criminalidad en las calles, que tampoco se est\u00e1 realizando con eficacia y pedimos adem\u00e1s, que no se quede en una simple investigaci\u00f3n. Demandamos que los responsables por reciban sean sometidos a la justicia y reciban todo el peso de la ley\u201d.<\/p>\n\n\n\n<p><strong>Lunes 13 de febrero, 2023&nbsp;<\/strong><\/p>\n\n\n\n<p><strong>Direcci\u00f3n General de Comunicaci\u00f3n y Prensa<\/strong><\/p>\n\n\n\n<p><strong>Oficina Abel Mart\u00ednez<\/strong><\/p>\n\n\n\n<p><\/p>\n\n\n\n<p>Tessie S\u00e1nchez&nbsp;ComunicacionesOficina Pol\u00edtica Abel Mart\u00ednez<\/p>\n","protected":false},"excerpt":{"rendered":"<p>Alcalde Abel Mart\u00ednez Manifiesta solidaridad con la familia y con la sociedad en general que ha sido afectada e impactada negativamente con esta tragedia. Santiago, RD-\u00a0El alcalde de Santiago, Abel Mart\u00ednez, expres\u00f3 su pesar por la muerte de un menor de edad de 12 a\u00f1os en momentos en que el padre del fallecido era detenido [&hellip;]<\/p>\n","protected":false},"author":28,"featured_media":416829,"comment_status":"closed","ping_status":"","sticky":true,"template":"","format":"standard","meta":{"footnotes":""},"categories":[20,29,27],"tags":[],"class_list":["post-416828","post","type-post","status-publish","format-standard","has-post-thumbnail","hentry","category-dominicana-hoy","category-policiasucesos","category-portada"],"_links":{"self":[{"href":"https:\/\/diariodominicano.com\/index.php?rest_route=\/wp\/v2\/posts\/416828","targetHints":{"allow":["GET"]}}],"collection":[{"href":"https:\/\/diariodominicano.com\/index.php?rest_route=\/wp\/v2\/posts"}],"about":[{"href":"https:\/\/diariodominicano.com\/index.php?rest_route=\/wp\/v2\/types\/post"}],"author":[{"embeddable":true,"href":"https:\/\/diariodominicano.com\/index.php?rest_route=\/wp\/v2\/users\/28"}],"replies":[{"embeddable":true,"href":"https:\/\/diariodominicano.com\/index.php?rest_route=%2Fwp%2Fv2%2Fcomments&post=416828"}],"version-history":[{"count":1,"href":"https:\/\/diariodominicano.com\/index.php?rest_route=\/wp\/v2\/posts\/416828\/revisions"}],"predecessor-version":[{"id":416830,"href":"https:\/\/diariodominicano.com\/index.php?rest_route=\/wp\/v2\/posts\/416828\/revisions\/416830"}],"wp:featuredmedia":[{"embeddable":true,"href":"https:\/\/diariodominicano.com\/index.php?rest_route=\/wp\/v2\/media\/416829"}],"wp:attachment":[{"href":"https:\/\/diariodominicano.com\/index.php?rest_route=%2Fwp%2Fv2%2Fmedia&parent=416828"}],"wp:term":[{"taxonomy":"category","embeddable":true,"href":"https:\/\/diariodominicano.com\/index.php?rest_route=%2Fwp%2Fv2%2Fcategories&post=416828"},{"taxonomy":"post_tag","embeddable":true,"href":"https:\/\/diariodominicano.com\/index.php?rest_route=%2Fwp%2Fv2%2Ftags&post=416828"}],"curies":[{"name":"wp","href":"https:\/\/api.w.org\/{rel}","templated":true}]}}