{"id":41681,"date":"2019-10-21T08:33:33","date_gmt":"2019-10-21T08:33:33","guid":{"rendered":"http:\/\/diariodominicano.ddns.net\/?p=41681"},"modified":"2019-10-21T08:33:33","modified_gmt":"2019-10-21T08:33:33","slug":"adios-colon-bienvenido-dia-de-los-pueblos-indigenas","status":"publish","type":"post","link":"https:\/\/diariodominicano.com\/?p=41681","title":{"rendered":"Adi\u00f3s Col\u00f3n, bienvenido \u00abD\u00eda de los Pueblos Ind\u00edgenas\u00bb"},"content":{"rendered":"<p><body><\/p>\n<p>Columna11 DE OCTUBRE DE 2019<\/p>\n<\/p>\n<p><strong>Amy Goodman y Denis Moynihan<\/strong><\/p>\n<\/p>\n<p>En Estados Unidos, cada vez m\u00e1s estados y ciudades celebran el \u00abD\u00eda de los Pueblos Ind\u00edgenas\u00bb en lugar del \u00abD\u00eda de Crist\u00f3bal Col\u00f3n\u00bb, a medida que se desbarata el mito que retrata a Col\u00f3n como un descubridor ben\u00e9volo y se reconoce m\u00e1s el rol fundamental de los pueblos ind\u00edgenas en la protecci\u00f3n del planeta. Con frecuencia, los defensores ind\u00edgenas de la Madre Tierra se encuentran en la primera l\u00ednea de la lucha contra la destrucci\u00f3n del medio ambiente, confrontando al poder militarizado del estado y las empresas en gran desigualdad de condiciones, con coraje y determinaci\u00f3n. Col\u00f3n lleg\u00f3 a las Bahamas hace 527 a\u00f1os y esa llegada de los europeos al continente desat\u00f3 un brutal genocidio que mat\u00f3 a decenas de millones de ind\u00edgenas en todo el hemisferio. Ahora que la sexta gran extinci\u00f3n se acelera y el planeta se calienta de manera catastr\u00f3fica, bien podr\u00edan ser los pueblos ind\u00edgenas quienes nos salven a todos.<\/p>\n<\/p>\n<p>El reconocimiento oficial del D\u00eda de los Pueblos Ind\u00edgenas ya se efectu\u00f3 en al menos ocho estados del pa\u00eds: Alaska, Maine, Minnesota, Nuevo M\u00e9xico, Carolina del Norte, Dakota del Sur, Vermont y Wisconsin. M\u00e1s de 130 ciudades y condados han adoptado el feriado tambi\u00e9n, tanto grandes ciudades como Los \u00c1ngeles, San Francisco y Dallas, como lugares m\u00e1s peque\u00f1os como Livingston, Kentucky y Harpers Ferry, en Virginia Occidental.<\/p>\n<\/p>\n<p>Washington D.C., el Distrito de Columbia, cuyo nombre deriva de Col\u00f3n, acaba de aprobar una resoluci\u00f3n que reconoce el D\u00eda de los Pueblos Ind\u00edgenas. David Grosso, concejal de la ciudad, expres\u00f3 en un comunicado previo a la votaci\u00f3n: \u00abEl D\u00eda de Col\u00f3n fue designado oficialmente como feriado federal en 1937 a pesar de que Col\u00f3n no descubri\u00f3 Am\u00e9rica del Norte, a pesar de que millones de personas ya estaban viviendo en Am\u00e9rica del Norte cuando este arrib\u00f3 a las Am\u00e9ricas, y a pesar de que Col\u00f3n nunca pis\u00f3 las costas del Estados Unidos actual. Col\u00f3n esclaviz\u00f3, coloniz\u00f3, mutil\u00f3 y masacr\u00f3 a miles de ind\u00edgenas en las Am\u00e9ricas\u00bb.<\/p>\n<\/p>\n<p>El movimiento para reemplazar el D\u00eda de Col\u00f3n cobr\u00f3 impulso en 1992, cuando se cumpl\u00edan 500 a\u00f1os de la llegada de Col\u00f3n a Am\u00e9rica. Ese a\u00f1o, Berkeley, California, se convirti\u00f3 en la primera ciudad en cambiar el nombre de la conmemoraci\u00f3n. Hubo protestas anteriores que inspiraron el movimiento, incluido el D\u00eda Nacional de Luto en Plymouth, Massachusetts, celebrado el D\u00eda de Acci\u00f3n de Gracias para cuestionar el mito de la coexistencia pac\u00edfica entre los ind\u00edgenas y los colonos ingleses, los peregrinos. El evento \u00abUnThanksgiving\u00bb (algo as\u00ed como \u00abAnti D\u00eda de Acci\u00f3n de Gracias\u00bb, en espa\u00f1ol) tiene lugar una vez al a\u00f1o en San Francisco, donde cientos de personas van en barco a la isla de Alcatraz, otrora el lugar de una tristemente c\u00e9lebre prisi\u00f3n, para realizar una ceremonia al amanecer. Activistas ind\u00edgenas estadounidenses ocuparon la isla hace 50 a\u00f1os para protestar por las duras condiciones de vida de los pueblos ind\u00edgenas en el pa\u00eds.<\/p>\n<\/p>\n<p>En todo el continente americano, las comunidades ind\u00edgenas resisten la explotaci\u00f3n sin l\u00edmites de sus tierras, el acoso de las industrias extractivas, la violencia y el racismo. En Ecuador, las protestas dirigidas por ind\u00edgenas contra las medidas de austeridad impuestas por el Fondo Monetario Internacional, as\u00ed como contra la miner\u00eda y la extracci\u00f3n de petr\u00f3leo, han forzado al presidente Len\u00edn Moreno a trasladar sus oficinas de gobierno de Quito a la ciudad de Guayaquil.<\/p>\n<\/p>\n<p>En una entrevista para \u00abDemocracy Now!\u00bb, el profesor de derecho David Cordero Heredia, ecuatoriano, describi\u00f3 el papel del activismo ind\u00edgena: \u00abLos pueblos ind\u00edgenas nos est\u00e1n ofreciendo una alternativa, una alternativa de vida sostenible. Ellos quieren proteger sus selvas y sus territorios. Ese es el mensaje que tienen para ofrecerle al mundo\u00bb.<\/p>\n<\/p>\n<p>En Brasil, las tribus ind\u00edgenas de la Amazonia se enfrentan a las pol\u00edticas racistas del gobierno, as\u00ed como a letales incendios forestales, producidos en gran medida de manera deliberada con la bendici\u00f3n del presidente Jair Bolsonaro. El grupo de defensa de los derechos ind\u00edgenas Survival International afirm\u00f3 que el presidente \u00abquiere abrirles los territorios ind\u00edgenas en todo Brasil a los madereros, mineros y ganaderos. No le importa cu\u00e1ntas personas ind\u00edgenas mueran en el proceso, y ha expresado abiertamente su desprecio racista por ellas en varias ocasiones\u00bb.<\/p>\n<\/p>\n<p>En su paso por Am\u00e9rica del Norte, Greta Thunberg, la reconocida activista clim\u00e1tica sueca de 16 a\u00f1os de edad, estuvo esta semana visitando activistas juveniles ind\u00edgenas en Dakota del Norte y del Sur, en la reserva Pine Ridge y en la reserva sioux de Standing Rock, donde cientos de tribus se congregaron entre 2016 y 2017 para oponerse al oleoducto Dakota Access. En sus primeros d\u00edas en el cargo, el presidente Donald Trump dio luz verde tanto al Dakota Access como al oleoducto Keystone XL.<\/p>\n<\/p>\n<p>En un video producido por la organizaci\u00f3n Proyecto de Ley del Pueblo Lakota donde instan al Congreso estadounidense a detener el oleoducto Keystone XL, Tokata Iron Eyes, tambi\u00e9n de 16 a\u00f1os de edad, parada junto a Greta, expresa: \u00abLos pueblos ind\u00edgenas hemos estado en la primera l\u00ednea de la lucha contra la crisis clim\u00e1tica y sabemos vivir en equilibrio con la Tierra. Cuando hablamos de soluciones tenemos que incluir a los pueblos ind\u00edgenas en el di\u00e1logo. Protejamos a nuestros pueblos ind\u00edgenas, sus derechos, sus comunidades, su forma de vida, porque eso es lo que vamos a necesitar cuando nos adentremos en esta batalla\u00bb.<\/p>\n<\/p>\n<p>Col\u00f3n naci\u00f3 en G\u00e9nova, Italia. El movimiento para renombrar el D\u00eda de Col\u00f3n no es en absoluto un desaire contra la comunidad italoamericana. Su objetivo es denunciar el genocidio y celebrar a los pueblos ind\u00edgenas y su papel central en nuestra historia y nuestro futuro.<\/p>\n<\/p>\n<p>\u00a9 2019 Amy Goodman<\/p>\n<\/p>\n<p>Traducci\u00f3n al espa\u00f1ol del texto en ingl\u00e9s: In\u00e9s Coira. Edici\u00f3n: Mar\u00eda Eva Blotta y Democracy Now! en espa\u00f1ol, spanish@democracynow.org<\/p>\n<\/p>\n<p>Amy Goodman es la conductora de Democracy Now!, un noticiero internacional que se emite diariamente en m\u00e1s de 800 emisoras de radio y televisi\u00f3n en ingl\u00e9s y en m\u00e1s de 450 en espa\u00f1ol. Es co-autora del libro \u00abLos que luchan contra el sistema: H\u00e9roes ordinarios en tiempos extraordinarios en Estados Unidos\u00bb, editado por Le Monde Diplomatique Cono Sur.<\/p>\n<\/p>\n<h6> 2019-10-21 08:33:33 <\/h6>\n<p><!--\n<link rel=\"stylesheet\" href=\"css\/bootstrap.min.css\">\n\n\n<ul class=\"pagination\">\n\t    \n\t\n\n<li >\n\t<a href='?page_no=476'>Previous<\/a>\n\t<\/li>\n\n\n       \n    \n\n<li><a href='?page_no=1'>1<\/a><\/li>\n\n\n\n<li><a href='?page_no=2'>2<\/a><\/li>\n\n\n\n<li><a>...<\/a><\/li>\n\n\n\n<li><a href='?page_no=475'>475<\/a><\/li>\n\n\n\n<li><a href='?page_no=476'>476<\/a><\/li>\n\n\n\n<li class='active'><a>477<\/a><\/li>\n\n\n\n<li><a href='?page_no=478'>478<\/a><\/li>\n\n\n\n<li><a href='?page_no=479'>479<\/a><\/li>\n\n\n\n<li><a>...<\/a><\/li>\n\n\n\n<li><a href='?page_no=13611'>13611<\/a><\/li>\n\n\n\n<li><a href='?page_no=13612'>13612<\/a><\/li>\n\n    \n\t\n\n<li >\n\t<a href='?page_no=478'>Next<\/a>\n\t<\/li>\n\n\n    \n\n<li><a href='?page_no=13612'>Last &rsaquo;&rsaquo;<\/a><\/li>\n\n<\/ul>\n\n\n--><br \/>\n<\/body><\/p>\n","protected":false},"excerpt":{"rendered":"<p>Columna11 DE OCTUBRE DE 2019 Amy Goodman y Denis Moynihan En Estados Unidos, cada vez m\u00e1s estados y ciudades celebran el \u00abD\u00eda de los Pueblos Ind\u00edgenas\u00bb en lugar del \u00abD\u00eda de Crist\u00f3bal Col\u00f3n\u00bb, a medida que se desbarata el mito que retrata a Col\u00f3n como un descubridor ben\u00e9volo y se reconoce m\u00e1s el rol fundamental [&hellip;]<\/p>\n","protected":false},"author":3,"featured_media":0,"comment_status":"open","ping_status":"open","sticky":false,"template":"","format":"standard","meta":{"footnotes":""},"categories":[16],"tags":[],"class_list":["post-41681","post","type-post","status-publish","format-standard","hentry","category-opiniones"],"_links":{"self":[{"href":"https:\/\/diariodominicano.com\/index.php?rest_route=\/wp\/v2\/posts\/41681","targetHints":{"allow":["GET"]}}],"collection":[{"href":"https:\/\/diariodominicano.com\/index.php?rest_route=\/wp\/v2\/posts"}],"about":[{"href":"https:\/\/diariodominicano.com\/index.php?rest_route=\/wp\/v2\/types\/post"}],"author":[{"embeddable":true,"href":"https:\/\/diariodominicano.com\/index.php?rest_route=\/wp\/v2\/users\/3"}],"replies":[{"embeddable":true,"href":"https:\/\/diariodominicano.com\/index.php?rest_route=%2Fwp%2Fv2%2Fcomments&post=41681"}],"version-history":[{"count":0,"href":"https:\/\/diariodominicano.com\/index.php?rest_route=\/wp\/v2\/posts\/41681\/revisions"}],"wp:attachment":[{"href":"https:\/\/diariodominicano.com\/index.php?rest_route=%2Fwp%2Fv2%2Fmedia&parent=41681"}],"wp:term":[{"taxonomy":"category","embeddable":true,"href":"https:\/\/diariodominicano.com\/index.php?rest_route=%2Fwp%2Fv2%2Fcategories&post=41681"},{"taxonomy":"post_tag","embeddable":true,"href":"https:\/\/diariodominicano.com\/index.php?rest_route=%2Fwp%2Fv2%2Ftags&post=41681"}],"curies":[{"name":"wp","href":"https:\/\/api.w.org\/{rel}","templated":true}]}}