{"id":41659,"date":"2019-10-21T08:38:22","date_gmt":"2019-10-21T08:38:22","guid":{"rendered":"http:\/\/diariodominicano.ddns.net\/?p=41659"},"modified":"2019-10-21T08:38:22","modified_gmt":"2019-10-21T08:38:22","slug":"dos-renuncias-dos-tiempos","status":"publish","type":"post","link":"https:\/\/diariodominicano.com\/?p=41659","title":{"rendered":"\u00a1DOS RENUNCIAS, DOS TIEMPOS!"},"content":{"rendered":"<p><body><\/p>\n<p><strong>Diariodominicano.com<\/strong><\/p>\n<p><strong>FRANKLIN ALMEYDA RANCIER<\/strong><\/p>\n<\/p>\n<p>Son dos renuncias en tiempos diferentes, la de Juan Bosch del PRD en 1973 para fundar el PLD y, ahora, la renuncia de Leonel Fern\u00e1ndez  del PLD, para fundar  La Fuerza del Pueblo.<\/p>\n<\/p>\n<p>La primera renuncia se empez\u00f3 a incubar estando autoexliado Bosch en Benidorm, Espa\u00f1a (1966 al 1970). Al regresar al pa\u00eds ten\u00eda en su carpeta un plan en ejecuci\u00f3n. Hab\u00eda ubicado en varios pa\u00edses (China, Vietnam y otros pa\u00edses socialistas) m\u00e1s de un ciento de compa\u00f1eros a ser entrenados como militantes.<\/p>\n<\/p>\n<p>Al llegar al pa\u00eds, en abril de 1970, form\u00f3 dos \u00abGrupos Te\u00f3ricos \u00ab, con nueve integrantes cada uno, incluy\u00e9ndolo a \u00e9l que encabezaba  ambos grupos. En el n\u00famero uno est\u00e1bamos, entre otros, Rafael Alburquerque y yo; \u00e9ste grupo ten\u00eda un perfil estrat\u00e9gico. En el otro estaban compa\u00f1eros m\u00e1s envueltos en acciones t\u00e1cticas, incluyendo a Pe\u00f1a G\u00f3mez.<\/p>\n<\/p>\n<p>En diciembre de 1972, en un receso, parados en la galer\u00eda de mi hogar, Bosch dijo como el que piensa en voz alta: \u00abojal\u00e1 nos de tiempo\u00bb. Voltee mi rostro hacia \u00e9l y le pregunt\u00e9; \u00ab\u00bfquien nos de tiempo? \u00bfCaama\u00f1o?\u00bb (Se sab\u00eda que estaba en Cuba y pod\u00eda desembarcar en cualquier tiempo). <\/p>\n<\/p>\n<p>Me respondi\u00f3: \u00abno, Balaguer; que podamos seguir avanzando en los trabajos partidarios\u00bb. <\/p>\n<\/p>\n<p>El desembarco de Caama\u00f1o en febrero de 1973 s\u00f3lo acentu\u00f3 los conflictos en las relaciones interpartidarias. Caama\u00f1o crey\u00f3 que con s\u00f3lo desembarcar en accion guerrillera, el PRD se sumar\u00eda; pero no fue as\u00ed. Con tiempo suficiente se le hizo saber al mismo Caama\u00f1o que en esa acci\u00f3n, fuera de contexto, no se participar\u00eda. Que \u00e9l deb\u00eda aparecer por Vietnam e incorporarse a la actividad pol\u00edtica con nosotros. No estuvo de acuerdo y procedi\u00f3 como entend\u00eda.<\/p>\n<\/p>\n<p>Pasado ese episodio la grieta en el PRD tom\u00f3 cuerpo, porque Pe\u00f1a G\u00f3mez empez\u00f3 a favorecer la tesis de Sacha Volman (buen amigo de Bosch y Pe\u00f1a) que planteaba un acercamiento con los liberales de Washington; Bosch, en cambio, estaba en desacuerdo, y trabajaba para cualificar el PRD y convertirlo en un partido de militantes y cuadros.<\/p>\n<\/p>\n<p>La muerte violenta de su amigo, Dr. Salvador Allende, Presidente socialista de Chile, el 11 de septiembre, precipit\u00f3 su salida del PRD, el 18 de noviembre, y fundar el PLD el 15 de diciembre del mismo a\u00f1o 1973.<\/p>\n<\/p>\n<p>El proyecto de Naci\u00f3n concebido por Bosch y discutido entre nosotros fue sacar del capitalismo tard\u00edo al pa\u00eds y consolidar el Estado. Para ello se dispuso a crear el instrumento partidario. Con cifras se entender\u00e1 la necesidad del crecimiento; el PIB al fundarse el PLD era 3 mil 244 millones de d\u00f3lares; esa era la riqueza producida en ese a\u00f1o. Posteriormente, al llegar el PLD al poder, el PIB estaba en 18 mil millones; hoy bordea los 80 mil millones de d\u00f3lares.<\/p>\n<\/p>\n<p>Desde que el PLD empez\u00f3 a gobernar fue logrando ese crecimiento econ\u00f3mico sostenido, pero desde los gobiernos de Danilo se va desviado esa riqueza hacia un inaceptable consorcio econ\u00f3mico privado emplazado en el Estado. A su vez, se desarticulan las instituciones y retrocede en la creaci\u00f3n de un Estado Social Democr\u00e0tico y de derechos.<\/p>\n<\/p>\n<p>Se ha desnaturalizado el PLD y sus prop\u00f3sitos. M\u00e1s a\u00fan, su c\u00fapula est\u00e1 secuestrada por el Palacio Nacional. A \u00e9l renunciamos junto a Leonel para completar el legado de  Bosch en La Fuerza del Pueblo.<\/p>\n<p><strong>El autor ex miembro del CP del PLD, ex Ministro de Interior y ex Rector de la UASD.<\/strong><\/p>\n<\/p>\n<\/p>\n<h6> 2019-10-21 08:38:22 <\/h6>\n<p><!--\n<link rel=\"stylesheet\" href=\"css\/bootstrap.min.css\">\n\n\n<ul class=\"pagination\">\n\t    \n\t\n\n<li >\n\t<a href='?page_no=474'>Previous<\/a>\n\t<\/li>\n\n\n       \n    \n\n<li><a href='?page_no=1'>1<\/a><\/li>\n\n\n\n<li><a href='?page_no=2'>2<\/a><\/li>\n\n\n\n<li><a>...<\/a><\/li>\n\n\n\n<li><a href='?page_no=473'>473<\/a><\/li>\n\n\n\n<li><a href='?page_no=474'>474<\/a><\/li>\n\n\n\n<li class='active'><a>475<\/a><\/li>\n\n\n\n<li><a href='?page_no=476'>476<\/a><\/li>\n\n\n\n<li><a href='?page_no=477'>477<\/a><\/li>\n\n\n\n<li><a>...<\/a><\/li>\n\n\n\n<li><a href='?page_no=13611'>13611<\/a><\/li>\n\n\n\n<li><a href='?page_no=13612'>13612<\/a><\/li>\n\n    \n\t\n\n<li >\n\t<a href='?page_no=476'>Next<\/a>\n\t<\/li>\n\n\n    \n\n<li><a href='?page_no=13612'>Last &rsaquo;&rsaquo;<\/a><\/li>\n\n<\/ul>\n\n\n--><br \/>\n<\/body><\/p>\n","protected":false},"excerpt":{"rendered":"<p>Diariodominicano.com FRANKLIN ALMEYDA RANCIER Son dos renuncias en tiempos diferentes, la de Juan Bosch del PRD en 1973 para fundar el PLD y, ahora, la renuncia de Leonel Fern\u00e1ndez del PLD, para fundar La Fuerza del Pueblo. La primera renuncia se empez\u00f3 a incubar estando autoexliado Bosch en Benidorm, Espa\u00f1a (1966 al 1970). Al regresar [&hellip;]<\/p>\n","protected":false},"author":3,"featured_media":0,"comment_status":"open","ping_status":"open","sticky":false,"template":"","format":"standard","meta":{"footnotes":""},"categories":[16],"tags":[],"class_list":["post-41659","post","type-post","status-publish","format-standard","hentry","category-opiniones"],"_links":{"self":[{"href":"https:\/\/diariodominicano.com\/index.php?rest_route=\/wp\/v2\/posts\/41659","targetHints":{"allow":["GET"]}}],"collection":[{"href":"https:\/\/diariodominicano.com\/index.php?rest_route=\/wp\/v2\/posts"}],"about":[{"href":"https:\/\/diariodominicano.com\/index.php?rest_route=\/wp\/v2\/types\/post"}],"author":[{"embeddable":true,"href":"https:\/\/diariodominicano.com\/index.php?rest_route=\/wp\/v2\/users\/3"}],"replies":[{"embeddable":true,"href":"https:\/\/diariodominicano.com\/index.php?rest_route=%2Fwp%2Fv2%2Fcomments&post=41659"}],"version-history":[{"count":0,"href":"https:\/\/diariodominicano.com\/index.php?rest_route=\/wp\/v2\/posts\/41659\/revisions"}],"wp:attachment":[{"href":"https:\/\/diariodominicano.com\/index.php?rest_route=%2Fwp%2Fv2%2Fmedia&parent=41659"}],"wp:term":[{"taxonomy":"category","embeddable":true,"href":"https:\/\/diariodominicano.com\/index.php?rest_route=%2Fwp%2Fv2%2Fcategories&post=41659"},{"taxonomy":"post_tag","embeddable":true,"href":"https:\/\/diariodominicano.com\/index.php?rest_route=%2Fwp%2Fv2%2Ftags&post=41659"}],"curies":[{"name":"wp","href":"https:\/\/api.w.org\/{rel}","templated":true}]}}