{"id":41648,"date":"2019-10-22T02:32:46","date_gmt":"2019-10-22T02:32:46","guid":{"rendered":"http:\/\/diariodominicano.ddns.net\/?p=41648"},"modified":"2019-10-22T02:32:46","modified_gmt":"2019-10-22T02:32:46","slug":"a-pleno-soltraumas-de-juventud","status":"publish","type":"post","link":"https:\/\/diariodominicano.com\/?p=41648","title":{"rendered":"&#13;&#13;A Pleno Sol&#13;&#13;Traumas de juventud&#13;"},"content":{"rendered":"<p><body><\/p>\n<p><strong>Diariodominicano.com<\/strong><\/p>\n<p><strong>Por Manuel Hern\u00e1ndez Villeta<\/strong><\/p>\n<\/p>\n<\/p>\n<p>Hay un espacio de ocho a\u00f1os que ser\u00e1 traum\u00e1tico para todos los partidos pol\u00edticos. Es la franja  del primero al tercer voto.  Es como sintonizar con la mentalidad de los j\u00f3venes que van desde los 18 hasta los 25 a\u00f1os. Es una capa amorfa, que en la mayor\u00eda de las ocasiones no les interesa el partidismo.<\/p>\n<\/p>\n<p>Los j\u00f3venes de las d\u00e9cadas de la lucha callejera, valga decir luego de la revoluci\u00f3n de abril y en los doce a\u00f1os del doctor Joaqu\u00edn  Balaguer, ten\u00edan claro su horizonte, que era luchar por reivindicaciones sociales.<\/p>\n<\/p>\n<p>Aviesamente se ha dicho que fueron d\u00e9cadas perdidas, y no fue as\u00ed. La juventud luch\u00f3 por cambios, y ofrend\u00f3 su vida en esa b\u00fasqueda, sin que se sincronizaran. Todo fracas\u00f3, el sistema se impuso, y los que quedaron vivos se metieron al sistema.<\/p>\n<\/p>\n<p>Es totalmente diferente la juventud de hoy, a la que se lanz\u00f3 a la revoluci\u00f3n del 1965. Estamos en un mundo del internet, de la globalizaci\u00f3n, donde los chicos tienen  los pies en la Rep\u00fablica Dominicana y la cabeza en los Estados Unidos, o Europa.<\/p>\n<\/p>\n<p>No es con el discurso tradicional que se podr\u00e1 atraer a los j\u00f3venes a votar por primera, segunda o tercera vez. La pol\u00edtica no le ofrece nada. En la calle, piensan muchos, tienen lo que ofrece el terreno pol\u00edtico. La delincuencia se va adue\u00f1ando de los barrios, y cambiando l\u00edneas de trabajo.<\/p>\n<\/p>\n<p>Los j\u00f3venes pobres y de clase media tienen los caminos cerrados, se ven sin futuro y sin esperanzas. Es de esa mezcolanza que surgen los soldados del crimen organizado.  El futuro de estos muchachos no est\u00e1 en la carpeta de los pol\u00edticos. La deserci\u00f3n escolar es pavorosa. No hay por venir garantizado para un adolescente que no sepa leer o escribir.<\/p>\n<\/p>\n<p>Un pica pollo y 500 pesos no garantiza el voto de esa juventud  sin rumbo. Es que a la gran mayor\u00eda de los muchachos dominicanos no les interesa la pol\u00edtica, solo un pu\u00f1ado est\u00e1 en esa onda. Salen corriendo del partidismo y prefieren las discotecas y el deporte.<\/p>\n<\/p>\n<p>Las redes de internet no la utilizan para pol\u00edtica, sino para la chercha, para buscar pareja, para vender y para comprar. No conocen de programa  de gobierno, ni de alianzas, ni de primeros empleos, que nunca est\u00e1n a su alcance.<\/p>\n<\/p>\n<p>El primer voto y el primer empleo van por camino diferente. Aumenta la cantidad de j\u00f3venes que llegan a la mayor\u00eda de edad y no le dan trabajo. Hay un ej\u00e9rcito de analfabetos que no podr\u00e1n pasar del salario m\u00ednimo, pero cientos de profesionales reci\u00e9n graduados se quedan repartiendo la hoja de vida, sin ser llamados a ocupar una silla.<\/p>\n<\/p>\n<p>Para los candidatos lo b\u00e1sico tiene que ser abrir el inter\u00e9s de los j\u00f3venes en la pol\u00edtica, que dejen a un lado su gran indiferencia, y entonces ver si los pueden atraer. Es posible lograrlo, pero es una terreno des\u00e9rtico, donde el presente es tormentoso y no se ve bien claro el futuro personal. Si es en base a promesas, la indiferencia continuar\u00e1. \u00a1Ay!, se me acab\u00f3 la tinta.<\/p>\n<\/p>\n<h6> 2019-10-22 02:32:46 <\/h6>\n<p><!--\n<link rel=\"stylesheet\" href=\"css\/bootstrap.min.css\">\n\n\n<ul class=\"pagination\">\n\t    \n\t\n\n<li >\n\t<a href='?page_no=473'>Previous<\/a>\n\t<\/li>\n\n\n       \n    \n\n<li><a href='?page_no=1'>1<\/a><\/li>\n\n\n\n<li><a href='?page_no=2'>2<\/a><\/li>\n\n\n\n<li><a>...<\/a><\/li>\n\n\n\n<li><a href='?page_no=472'>472<\/a><\/li>\n\n\n\n<li><a href='?page_no=473'>473<\/a><\/li>\n\n\n\n<li class='active'><a>474<\/a><\/li>\n\n\n\n<li><a href='?page_no=475'>475<\/a><\/li>\n\n\n\n<li><a href='?page_no=476'>476<\/a><\/li>\n\n\n\n<li><a>...<\/a><\/li>\n\n\n\n<li><a href='?page_no=13611'>13611<\/a><\/li>\n\n\n\n<li><a href='?page_no=13612'>13612<\/a><\/li>\n\n    \n\t\n\n<li >\n\t<a href='?page_no=475'>Next<\/a>\n\t<\/li>\n\n\n    \n\n<li><a href='?page_no=13612'>Last &rsaquo;&rsaquo;<\/a><\/li>\n\n<\/ul>\n\n\n--><br \/>\n<\/body><\/p>\n","protected":false},"excerpt":{"rendered":"<p>Diariodominicano.com Por Manuel Hern\u00e1ndez Villeta Hay un espacio de ocho a\u00f1os que ser\u00e1 traum\u00e1tico para todos los partidos pol\u00edticos. Es la franja del primero al tercer voto. Es como sintonizar con la mentalidad de los j\u00f3venes que van desde los 18 hasta los 25 a\u00f1os. Es una capa amorfa, que en la mayor\u00eda de las [&hellip;]<\/p>\n","protected":false},"author":3,"featured_media":0,"comment_status":"open","ping_status":"open","sticky":false,"template":"","format":"standard","meta":{"footnotes":""},"categories":[16],"tags":[],"class_list":["post-41648","post","type-post","status-publish","format-standard","hentry","category-opiniones"],"_links":{"self":[{"href":"https:\/\/diariodominicano.com\/index.php?rest_route=\/wp\/v2\/posts\/41648","targetHints":{"allow":["GET"]}}],"collection":[{"href":"https:\/\/diariodominicano.com\/index.php?rest_route=\/wp\/v2\/posts"}],"about":[{"href":"https:\/\/diariodominicano.com\/index.php?rest_route=\/wp\/v2\/types\/post"}],"author":[{"embeddable":true,"href":"https:\/\/diariodominicano.com\/index.php?rest_route=\/wp\/v2\/users\/3"}],"replies":[{"embeddable":true,"href":"https:\/\/diariodominicano.com\/index.php?rest_route=%2Fwp%2Fv2%2Fcomments&post=41648"}],"version-history":[{"count":0,"href":"https:\/\/diariodominicano.com\/index.php?rest_route=\/wp\/v2\/posts\/41648\/revisions"}],"wp:attachment":[{"href":"https:\/\/diariodominicano.com\/index.php?rest_route=%2Fwp%2Fv2%2Fmedia&parent=41648"}],"wp:term":[{"taxonomy":"category","embeddable":true,"href":"https:\/\/diariodominicano.com\/index.php?rest_route=%2Fwp%2Fv2%2Fcategories&post=41648"},{"taxonomy":"post_tag","embeddable":true,"href":"https:\/\/diariodominicano.com\/index.php?rest_route=%2Fwp%2Fv2%2Ftags&post=41648"}],"curies":[{"name":"wp","href":"https:\/\/api.w.org\/{rel}","templated":true}]}}