{"id":416407,"date":"2023-02-11T14:30:02","date_gmt":"2023-02-11T18:30:02","guid":{"rendered":"http:\/\/diariodominicano.com\/?p=416407"},"modified":"2023-02-11T14:33:02","modified_gmt":"2023-02-11T18:33:02","slug":"policia-nacional-localiza-dos-motocicletas-y-apresa-tres-personas-por-robo-en-santiago","status":"publish","type":"post","link":"https:\/\/diariodominicano.com\/?p=416407","title":{"rendered":"Polic\u00eda Nacional localiza dos motocicletas y apresa tres personas por robo en Santiago"},"content":{"rendered":"\n<p>Santiago, RD, 11 de Febrero 2023.- Agentes de la Divisi\u00f3n de Veh\u00edculos Robados recuperaron dos \u00a0motocicletas que hab\u00edan \u00a0sido reportadas \u00a0como sustra\u00eddas a sus propietarios y tambi\u00e9n apresaron tres personas, dos en flagrante delito y otra mediante orden de arresto por robo, inform\u00f3 el s\u00e1bado la Direcci\u00f3n Regional Cibao Central, Polic\u00eda Nacional.<\/p>\n\n\n\n<figure class=\"wp-block-image size-full\"><img loading=\"lazy\" decoding=\"async\" width=\"584\" height=\"635\" src=\"https:\/\/diariodominicano.com\/wp-content\/uploads\/2023\/02\/image-12.png\" alt=\"\" class=\"wp-image-416410\" srcset=\"https:\/\/diariodominicano.com\/wp-content\/uploads\/2023\/02\/image-12.png 584w, https:\/\/diariodominicano.com\/wp-content\/uploads\/2023\/02\/image-12-276x300.png 276w\" sizes=\"auto, (max-width: 584px) 100vw, 584px\" \/><\/figure>\n\n\n\n<p>Entre los &nbsp;veh\u00edculos &nbsp;recuperados figura motocicleta marca yamaha, modelo 3YJ, color blanco, a\u00f1o 1994, placa No. K0458333, chasis No. 3YJ2578800, la misma fue<br>localizada, en la calle Feliz Castillo, &nbsp;del sector Canabacoa de esta ciudad y al ser &nbsp;depurada figura con denuncia como robada.<\/p>\n\n\n\n<p>Del mismo modo, fue recuperada en la autopista Duarte, la motocicleta &nbsp;marca Tauro, modelo CG200, color negro, a\u00f1o 2016, &nbsp;placa No. K1735423, chasis No. TARPCM504GC010876, la misma se encuentra pendiente de denuncia.<\/p>\n\n\n\n<p>Adem\u00e1s fueron &nbsp;detenidos en flagrante delito, Joan Santiago Rodr\u00edguez Henr\u00edquez y Yefry Brasniel Guzm\u00e1n Familia, ambos mayores de edad, en la Carretera Luper\u00f3n del sector Gurabo, momentos despu\u00e9s de que intentaran sustraer la suma de $3,000 pesos del interior de dos tragamonedas, propiedad de una entidad bancaria, ubicada en la referida localidad.<\/p>\n\n\n\n<p>Otro apresado es el nacional haitiano Junior Pie, mediante orden de arresto &nbsp;No. 00926-2023, por ser unos de los autores de haber sustra\u00eddo junto a otros dos individuos pr\u00f3fugos, de una tienda de tel\u00e9fonos la cantidad de 29 celulares de diferentes marcas, los mismos quedaron captado en una c\u00e1mara durante comet\u00edan dicho hecho.<\/p>\n\n\n\n<p>En cuanto a los detenidos y lo recuperado \u00a0se encuentran en poder del Ministerio P\u00fablico para los fines procedentes de ley.<\/p>\n\n\n\n<p>policia nacional<a target=\"_blank\" href=\"mailto:npolicia14@gmail.com\" rel=\"noreferrer noopener\">npolicia14@gmail.com<\/a><\/p>\n","protected":false},"excerpt":{"rendered":"<p>Santiago, RD, 11 de Febrero 2023.- Agentes de la Divisi\u00f3n de Veh\u00edculos Robados recuperaron dos \u00a0motocicletas que hab\u00edan \u00a0sido reportadas \u00a0como sustra\u00eddas a sus propietarios y tambi\u00e9n apresaron tres personas, dos en flagrante delito y otra mediante orden de arresto por robo, inform\u00f3 el s\u00e1bado la Direcci\u00f3n Regional Cibao Central, Polic\u00eda Nacional. Entre los &nbsp;veh\u00edculos [&hellip;]<\/p>\n","protected":false},"author":28,"featured_media":416408,"comment_status":"closed","ping_status":"","sticky":true,"template":"","format":"standard","meta":{"footnotes":""},"categories":[29,27],"tags":[],"class_list":["post-416407","post","type-post","status-publish","format-standard","has-post-thumbnail","hentry","category-policiasucesos","category-portada"],"_links":{"self":[{"href":"https:\/\/diariodominicano.com\/index.php?rest_route=\/wp\/v2\/posts\/416407","targetHints":{"allow":["GET"]}}],"collection":[{"href":"https:\/\/diariodominicano.com\/index.php?rest_route=\/wp\/v2\/posts"}],"about":[{"href":"https:\/\/diariodominicano.com\/index.php?rest_route=\/wp\/v2\/types\/post"}],"author":[{"embeddable":true,"href":"https:\/\/diariodominicano.com\/index.php?rest_route=\/wp\/v2\/users\/28"}],"replies":[{"embeddable":true,"href":"https:\/\/diariodominicano.com\/index.php?rest_route=%2Fwp%2Fv2%2Fcomments&post=416407"}],"version-history":[{"count":4,"href":"https:\/\/diariodominicano.com\/index.php?rest_route=\/wp\/v2\/posts\/416407\/revisions"}],"predecessor-version":[{"id":416413,"href":"https:\/\/diariodominicano.com\/index.php?rest_route=\/wp\/v2\/posts\/416407\/revisions\/416413"}],"wp:featuredmedia":[{"embeddable":true,"href":"https:\/\/diariodominicano.com\/index.php?rest_route=\/wp\/v2\/media\/416408"}],"wp:attachment":[{"href":"https:\/\/diariodominicano.com\/index.php?rest_route=%2Fwp%2Fv2%2Fmedia&parent=416407"}],"wp:term":[{"taxonomy":"category","embeddable":true,"href":"https:\/\/diariodominicano.com\/index.php?rest_route=%2Fwp%2Fv2%2Fcategories&post=416407"},{"taxonomy":"post_tag","embeddable":true,"href":"https:\/\/diariodominicano.com\/index.php?rest_route=%2Fwp%2Fv2%2Ftags&post=416407"}],"curies":[{"name":"wp","href":"https:\/\/api.w.org\/{rel}","templated":true}]}}