{"id":41626,"date":"2019-10-23T00:19:17","date_gmt":"2019-10-23T00:19:17","guid":{"rendered":"http:\/\/diariodominicano.ddns.net\/?p=41626"},"modified":"2019-10-23T00:19:17","modified_gmt":"2019-10-23T00:19:17","slug":"a-pleno-solel-valle-de-los-juglares","status":"publish","type":"post","link":"https:\/\/diariodominicano.com\/?p=41626","title":{"rendered":"&#13;&#13;&#13;A Pleno Sol&#13;&#13;El valle de los juglares"},"content":{"rendered":"<p><body><\/p>\n<p><strong>Por Manuel Hernandez Villeta<\/strong><\/p>\n<\/p>\n<\/p>\n<p>La grandeza humana no es nada. Es un instante. Una luz que se percibe y ah\u00ed mismo comienza a agonizar. Los grandes imperios vieron desgastar sus columnas, y caer despezados en medio del grito de multitudes irredentas.<\/p>\n<\/p>\n<p>El cad\u00e1ver y el recuerdo de Francisco Franco se van del Valle de los Ca\u00eddos, homenaje a su grandeza  y una parte de la sangre derramada en la guerra civil espa\u00f1ola. El \u00faltimo vestigio del caudillo desaparece, mientras se agiganta la memoria de los poetas espa\u00f1oles muertos en el fragor del terremoto social de la guerra civil espa\u00f1ola.<\/p>\n<\/p>\n<p>Al concluir su andar por el poder absoluto, el hombre no es m\u00e1s que un pu\u00f1ado de polvo que vuelve al polvo. El poder se enrumba hacia otros derroteros. La llegada de nuevas ideas mantiene  viva la revoluci\u00f3n permanente por un mundo mejor.<\/p>\n<\/p>\n<p>Federico Garc\u00eda Lorca, perdido eternamente entre el lodo y la bo\u00f1iga, sin tumba  y sin oraciones, sigue esperando un entierro digno: \u00abAyer es lo marchito. El sentimiento y el campo funeral del recuerdo. Anteayer es lo muerto. Madriguera de ideas moribundas de pegasos sin freno. Malezas de memorias y desiertos perdidos en la niebla de los sue\u00f1os\u00bb.<\/p>\n<\/p>\n<p>Del hombre quedan sus ideas, su pensamiento, su acci\u00f3n es temporal, producto de la batalla del d\u00eda a d\u00eda. Los honores desaparecen, la gloria no es m\u00e1s que un murmullo lejano. Los monumentos ser\u00e1n piedras, y las estatuas ser\u00e1n derribadas.<\/p>\n<\/p>\n<p>Miguel Hern\u00e1ndez,   casi un desecho humano en una apestosa prisi\u00f3n, con los pulmones reventados  por la tisis, levant\u00f3 su voz  sobre los muros: \u00abSi me muero, que me muera con la cabeza muy alta. Muero y veinte veces muerto, la boca contra la grama, tendr\u00e9 apretados los dientes y decidida la barba. Cantando espero a la muerte, que hay ruise\u00f1ores que cantan encima de los fusiles y en medio de las batallas\u00bb.<\/p>\n<\/p>\n<p>La lucha fratricida es terrible. La Guerra Civil espa\u00f1ola provoc\u00f3 un r\u00edo de sangre. Franco surgi\u00f3 como el gran caudillo, el se\u00f1or de vida y muerte, el  que se cre\u00eda  due\u00f1o del bien y el mal. Pero de las sombras y el atraso surgi\u00f3  una nueva Espa\u00f1a, la que ahora saca sus restos del Valle de los Ca\u00eddos. Nada es para siempre, nada queda, todo pasa.<\/p>\n<\/p>\n<p>Antonio Machado fallecido mientras agonizaba la guerra civil espa\u00f1ola todav\u00eda  deja escuchar sus versos, ya sin el olor a p\u00f3lvora y sangre: \u00abCaminante, son tus huellas el camino y nada mas: caminante no hay camino, se hace camino al andar. Al andar se hace camino y al volver la vista atr\u00e1s se ve la senda que nunca se ha de volver a pisar. Caminante no hay camino sino estelas en el mar\u00bb. \u00a1Ay!, se me acab\u00f3 la tinta.<\/p>\n<\/p>\n<\/p>\n<h6> 2019-10-23 00:19:17 <\/h6>\n<p><!--\n<link rel=\"stylesheet\" href=\"css\/bootstrap.min.css\">\n\n\n<ul class=\"pagination\">\n\t    \n\t\n\n<li >\n\t<a href='?page_no=471'>Previous<\/a>\n\t<\/li>\n\n\n       \n    \n\n<li><a href='?page_no=1'>1<\/a><\/li>\n\n\n\n<li><a href='?page_no=2'>2<\/a><\/li>\n\n\n\n<li><a>...<\/a><\/li>\n\n\n\n<li><a href='?page_no=470'>470<\/a><\/li>\n\n\n\n<li><a href='?page_no=471'>471<\/a><\/li>\n\n\n\n<li class='active'><a>472<\/a><\/li>\n\n\n\n<li><a href='?page_no=473'>473<\/a><\/li>\n\n\n\n<li><a href='?page_no=474'>474<\/a><\/li>\n\n\n\n<li><a>...<\/a><\/li>\n\n\n\n<li><a href='?page_no=13611'>13611<\/a><\/li>\n\n\n\n<li><a href='?page_no=13612'>13612<\/a><\/li>\n\n    \n\t\n\n<li >\n\t<a href='?page_no=473'>Next<\/a>\n\t<\/li>\n\n\n    \n\n<li><a href='?page_no=13612'>Last &rsaquo;&rsaquo;<\/a><\/li>\n\n<\/ul>\n\n\n--><br \/>\n<\/body><\/p>\n","protected":false},"excerpt":{"rendered":"<p>Por Manuel Hernandez Villeta La grandeza humana no es nada. Es un instante. Una luz que se percibe y ah\u00ed mismo comienza a agonizar. Los grandes imperios vieron desgastar sus columnas, y caer despezados en medio del grito de multitudes irredentas. El cad\u00e1ver y el recuerdo de Francisco Franco se van del Valle de los [&hellip;]<\/p>\n","protected":false},"author":3,"featured_media":0,"comment_status":"open","ping_status":"open","sticky":false,"template":"","format":"standard","meta":{"footnotes":""},"categories":[16],"tags":[],"class_list":["post-41626","post","type-post","status-publish","format-standard","hentry","category-opiniones"],"_links":{"self":[{"href":"https:\/\/diariodominicano.com\/index.php?rest_route=\/wp\/v2\/posts\/41626","targetHints":{"allow":["GET"]}}],"collection":[{"href":"https:\/\/diariodominicano.com\/index.php?rest_route=\/wp\/v2\/posts"}],"about":[{"href":"https:\/\/diariodominicano.com\/index.php?rest_route=\/wp\/v2\/types\/post"}],"author":[{"embeddable":true,"href":"https:\/\/diariodominicano.com\/index.php?rest_route=\/wp\/v2\/users\/3"}],"replies":[{"embeddable":true,"href":"https:\/\/diariodominicano.com\/index.php?rest_route=%2Fwp%2Fv2%2Fcomments&post=41626"}],"version-history":[{"count":0,"href":"https:\/\/diariodominicano.com\/index.php?rest_route=\/wp\/v2\/posts\/41626\/revisions"}],"wp:attachment":[{"href":"https:\/\/diariodominicano.com\/index.php?rest_route=%2Fwp%2Fv2%2Fmedia&parent=41626"}],"wp:term":[{"taxonomy":"category","embeddable":true,"href":"https:\/\/diariodominicano.com\/index.php?rest_route=%2Fwp%2Fv2%2Fcategories&post=41626"},{"taxonomy":"post_tag","embeddable":true,"href":"https:\/\/diariodominicano.com\/index.php?rest_route=%2Fwp%2Fv2%2Ftags&post=41626"}],"curies":[{"name":"wp","href":"https:\/\/api.w.org\/{rel}","templated":true}]}}