{"id":416153,"date":"2023-02-10T15:49:57","date_gmt":"2023-02-10T19:49:57","guid":{"rendered":"http:\/\/diariodominicano.com\/?p=416153"},"modified":"2023-02-10T20:24:55","modified_gmt":"2023-02-11T00:24:55","slug":"el-tribunal-colegiado-san-cristobal-condena-a-12-anos-de-prision-a-un-hombre-que-mato-a-otro-en-canastica-san-cristobal","status":"publish","type":"post","link":"https:\/\/diariodominicano.com\/?p=416153","title":{"rendered":"El Tribunal Colegiado de San Crist\u00f3bal condena a 12 a\u00f1os de prisi\u00f3n a un hombre que mat\u00f3 a otro en Canastica, San Crist\u00f3bal"},"content":{"rendered":"\n<p>SAN CRIST\u00d3BAL, Rep\u00fablica Dominicana.- El Tribunal Colegiado de este distrito judicial conden\u00f3 a 12 a\u00f1os de prisi\u00f3n a un hombre que mat\u00f3 a otro de una pu\u00f1alada, en un hecho ocurrido en el a\u00f1o 2021, en la comunidad Canastica, San Crist\u00f3bal.<\/p>\n\n\n\n<p>El tribunal impuso la pena en contra de V\u00edctor Manuel Pietel, alias Nono, por el homicidio de Yarwin Garabitos.<\/p>\n\n\n\n<p>El Ministerio P\u00fablico, representado por el fiscal Daryl Montes de Oca, demostr\u00f3 que las acciones del hoy procesado constituyen una violaci\u00f3n a los art\u00edculos 294 y 304 del C\u00f3digo Penal Dominicano, que penalizan el homicidio, y los art\u00edculos 83 y 86 de la Ley 631-16, para el Control y Regulaci\u00f3n de Armas, Municiones y Materiales Relacionados.<\/p>\n\n\n\n<p>Los hechos ocurrieron el 17 de octubre de 2021 cuando Pietel, junto a otro hombre que se encuentra pr\u00f3fugo, se present\u00f3 en un local de venta de comida r\u00e1pida donde se encontraba la v\u00edctima, quien previamente y de manera accidental hab\u00eda chocado la motocicleta del victimario.<\/p>\n\n\n\n<p>Al percatarse de que la v\u00edctima estaba sentado en el lugar, Pietel lo atac\u00f3, apu\u00f1al\u00e1ndolo en el hemit\u00f3rax izquierdo con un arma blanca tipo pu\u00f1al, ocasion\u00e1ndole la muerte.<\/p>\n\n\n\n<p>Por disposici\u00f3n del tribunal, el procesado deber\u00e1 cumplir la pena en el Centro de Correcci\u00f3n y Rehabilitaci\u00f3n Najayo Hombres.<\/p>\n\n\n\n<p>Direcci\u00f3n General de Comunicaci\u00f3n, Prensa, y RRPP<\/p>\n\n\n\n<p>Ministerio P\u00fablico.&nbsp;R.D.<\/p>\n\n\n\n<p>Viernes, 10 de febrero de 2023.<\/p>\n","protected":false},"excerpt":{"rendered":"<p>SAN CRIST\u00d3BAL, Rep\u00fablica Dominicana.- El Tribunal Colegiado de este distrito judicial conden\u00f3 a 12 a\u00f1os de prisi\u00f3n a un hombre que mat\u00f3 a otro de una pu\u00f1alada, en un hecho ocurrido en el a\u00f1o 2021, en la comunidad Canastica, San Crist\u00f3bal. El tribunal impuso la pena en contra de V\u00edctor Manuel Pietel, alias Nono, por [&hellip;]<\/p>\n","protected":false},"author":28,"featured_media":351958,"comment_status":"closed","ping_status":"","sticky":true,"template":"","format":"standard","meta":{"footnotes":""},"categories":[24,29,27],"tags":[],"class_list":["post-416153","post","type-post","status-publish","format-standard","has-post-thumbnail","hentry","category-justicia-y-derecho","category-policiasucesos","category-portada"],"_links":{"self":[{"href":"https:\/\/diariodominicano.com\/index.php?rest_route=\/wp\/v2\/posts\/416153","targetHints":{"allow":["GET"]}}],"collection":[{"href":"https:\/\/diariodominicano.com\/index.php?rest_route=\/wp\/v2\/posts"}],"about":[{"href":"https:\/\/diariodominicano.com\/index.php?rest_route=\/wp\/v2\/types\/post"}],"author":[{"embeddable":true,"href":"https:\/\/diariodominicano.com\/index.php?rest_route=\/wp\/v2\/users\/28"}],"replies":[{"embeddable":true,"href":"https:\/\/diariodominicano.com\/index.php?rest_route=%2Fwp%2Fv2%2Fcomments&post=416153"}],"version-history":[{"count":2,"href":"https:\/\/diariodominicano.com\/index.php?rest_route=\/wp\/v2\/posts\/416153\/revisions"}],"predecessor-version":[{"id":416155,"href":"https:\/\/diariodominicano.com\/index.php?rest_route=\/wp\/v2\/posts\/416153\/revisions\/416155"}],"wp:featuredmedia":[{"embeddable":true,"href":"https:\/\/diariodominicano.com\/index.php?rest_route=\/wp\/v2\/media\/351958"}],"wp:attachment":[{"href":"https:\/\/diariodominicano.com\/index.php?rest_route=%2Fwp%2Fv2%2Fmedia&parent=416153"}],"wp:term":[{"taxonomy":"category","embeddable":true,"href":"https:\/\/diariodominicano.com\/index.php?rest_route=%2Fwp%2Fv2%2Fcategories&post=416153"},{"taxonomy":"post_tag","embeddable":true,"href":"https:\/\/diariodominicano.com\/index.php?rest_route=%2Fwp%2Fv2%2Ftags&post=416153"}],"curies":[{"name":"wp","href":"https:\/\/api.w.org\/{rel}","templated":true}]}}