{"id":41615,"date":"2019-10-23T09:41:54","date_gmt":"2019-10-23T09:41:54","guid":{"rendered":"http:\/\/diariodominicano.ddns.net\/?p=41615"},"modified":"2019-10-23T09:41:54","modified_gmt":"2019-10-23T09:41:54","slug":"pld-doloroso-y-penoso","status":"publish","type":"post","link":"https:\/\/diariodominicano.com\/?p=41615","title":{"rendered":"&#13;PLD: DOLOROSO Y PENOSO"},"content":{"rendered":"<p><body><\/p>\n<p>EN PRIMERA FILA<\/p>\n<\/p>\n<p>PLD: DOLOROSO Y PENOSO <\/p>\n<p>Mario Rivadulla<\/p>\n<\/p>\n<p>No puede calificarse de menos doloroso y penoso el cuadro que hoy ofrece el Partido de la Liberaci\u00f3n Dominicana.<\/p>\n<\/p>\n<p>Despu\u00e9s de haber sido gobierno por espacio de cinco per\u00edodos, los \u00faltimos cuatro de manera consecutiva, ganador en primera vuelta y con un margen concluyente de victoria, hoy confronta un grave proceso de escisi\u00f3n y fraccionamiento interno que da lugar a significativos cambios en el escenario pol\u00edtico, motiva a la mayor\u00eda de los polit\u00f3logos a pronosticar una segunda vuelta para la elecci\u00f3n presidencial, y a juicio de algunos a poner en riesgo su continuidad en el poder mas all\u00e1 del 2020.<\/p>\n<\/p>\n<p>Pero al margen de esas consideraciones, an\u00e1lisis y especulaciones, ya en plano tanto pol\u00edtico como humano, no pasa por alto el hecho de que el partido que ofrec\u00eda una imagen compacta, de unidad monol\u00edtica, y que luego de desprendimientos iniciales, hab\u00eda encontrado la forma de solventar todas sus dificultades y diferencias puertas adentro, de como se dice popularmente \u00abbarrer y colocar la basura debajo de la alfombra\u00bb, hoy en cambio, proyecte la de una organizaci\u00f3n en pleno proceso de desmembramiento interno. <\/p>\n<\/p>\n<p>Fue ese esp\u00edritu unitario, el anteponer por encima de aspiraciones y pasiones, la meta de retener el poder, un factor de primera importancia en los persistentes triunfos electorales que han marcado su trayectoria en las \u00faltimas dos d\u00e9cadas y media.  Fue tambi\u00e9n un elemento distintivo que lo diferenci\u00f3 de las dem\u00e1s agrupaciones pol\u00edticas que durante ese tiempo atravesaron por el contrario, graves procesos de fraccionamiento y dispersi\u00f3n que menguaron su fuerza electoral.  Tal como el PRD y el PRSC por citar las dos agrupaciones que compart\u00edan con el partido morado el grueso de las preferencias electorales.<\/p>\n<\/p>\n<p>Doloroso y penoso como se\u00f1alamos al principio que quienes en el pasado lucharon hombro con hombro, bajo la rector\u00eda de Juan Bosch, y luego de su muerte se comprometieron a mantener en alto su legado, compartiendo reveses y esperanzas y uniendo manos, voluntades y tenaces esfuerzos hasta alcanzar el poder, hoy, sin embargo, sacan a la superficie resentimientos acumulados, se reprochan,  inculpan y descalifican apelando a un lenguaje cada vez m\u00e1s ofensivo y subido de tono y se convierten de compa\u00f1eros y amigos de anta\u00f1o en irreconciliables enemigos a muerte al presente.<\/p>\n<\/p>\n<p>De seguro hoy muchos peledeistas de base, de larga militancia y  coraz\u00f3n deben sentirse lastimados por tan penosa situaci\u00f3n, a la que posiblemente no se hubiese llegado de haber contado con la sensata intervenci\u00f3n de un \u00e1rbitro que haciendo gala de paciencia y prudencia hubiese podido contribuir a bajar los encrespados \u00e1nimos, zanjar diferencias por v\u00edas de di\u00e1logo, resta\u00f1ar a tiempo las heridas en vez de permitir que se profundizaran y propiciar acuerdos razonables. <\/p>\n<\/p>\n<p>Hoy  donde ya las pasiones se han desbordado de manera incontenible y las preferencias por uno y otro bando se han polarizado de manera tan acentuada, resulta demasiado tarde.<\/p>\n<\/p>\n<p>\u00bfLo ser\u00e1 tambi\u00e9n para que pueda retener el poder m\u00e1s all\u00e1 del 2020?<\/p>\n<p>\u00bfHa llegado al final de su ciclo hist\u00f3rico?<\/p>\n<\/p>\n<p> Solo el tiempo dir\u00e1. <\/p>\n<\/p>\n<\/p>\n<h6> 2019-10-23 09:41:54 <\/h6>\n<p><!--\n<link rel=\"stylesheet\" href=\"css\/bootstrap.min.css\">\n\n\n<ul class=\"pagination\">\n\t    \n\t\n\n<li >\n\t<a href='?page_no=470'>Previous<\/a>\n\t<\/li>\n\n\n       \n    \n\n<li><a href='?page_no=1'>1<\/a><\/li>\n\n\n\n<li><a href='?page_no=2'>2<\/a><\/li>\n\n\n\n<li><a>...<\/a><\/li>\n\n\n\n<li><a href='?page_no=469'>469<\/a><\/li>\n\n\n\n<li><a href='?page_no=470'>470<\/a><\/li>\n\n\n\n<li class='active'><a>471<\/a><\/li>\n\n\n\n<li><a href='?page_no=472'>472<\/a><\/li>\n\n\n\n<li><a href='?page_no=473'>473<\/a><\/li>\n\n\n\n<li><a>...<\/a><\/li>\n\n\n\n<li><a href='?page_no=13611'>13611<\/a><\/li>\n\n\n\n<li><a href='?page_no=13612'>13612<\/a><\/li>\n\n    \n\t\n\n<li >\n\t<a href='?page_no=472'>Next<\/a>\n\t<\/li>\n\n\n    \n\n<li><a href='?page_no=13612'>Last &rsaquo;&rsaquo;<\/a><\/li>\n\n<\/ul>\n\n\n--><br \/>\n<\/body><\/p>\n","protected":false},"excerpt":{"rendered":"<p>EN PRIMERA FILA PLD: DOLOROSO Y PENOSO Mario Rivadulla No puede calificarse de menos doloroso y penoso el cuadro que hoy ofrece el Partido de la Liberaci\u00f3n Dominicana. Despu\u00e9s de haber sido gobierno por espacio de cinco per\u00edodos, los \u00faltimos cuatro de manera consecutiva, ganador en primera vuelta y con un margen concluyente de victoria, [&hellip;]<\/p>\n","protected":false},"author":3,"featured_media":0,"comment_status":"open","ping_status":"open","sticky":false,"template":"","format":"standard","meta":{"footnotes":""},"categories":[16],"tags":[],"class_list":["post-41615","post","type-post","status-publish","format-standard","hentry","category-opiniones"],"_links":{"self":[{"href":"https:\/\/diariodominicano.com\/index.php?rest_route=\/wp\/v2\/posts\/41615","targetHints":{"allow":["GET"]}}],"collection":[{"href":"https:\/\/diariodominicano.com\/index.php?rest_route=\/wp\/v2\/posts"}],"about":[{"href":"https:\/\/diariodominicano.com\/index.php?rest_route=\/wp\/v2\/types\/post"}],"author":[{"embeddable":true,"href":"https:\/\/diariodominicano.com\/index.php?rest_route=\/wp\/v2\/users\/3"}],"replies":[{"embeddable":true,"href":"https:\/\/diariodominicano.com\/index.php?rest_route=%2Fwp%2Fv2%2Fcomments&post=41615"}],"version-history":[{"count":0,"href":"https:\/\/diariodominicano.com\/index.php?rest_route=\/wp\/v2\/posts\/41615\/revisions"}],"wp:attachment":[{"href":"https:\/\/diariodominicano.com\/index.php?rest_route=%2Fwp%2Fv2%2Fmedia&parent=41615"}],"wp:term":[{"taxonomy":"category","embeddable":true,"href":"https:\/\/diariodominicano.com\/index.php?rest_route=%2Fwp%2Fv2%2Fcategories&post=41615"},{"taxonomy":"post_tag","embeddable":true,"href":"https:\/\/diariodominicano.com\/index.php?rest_route=%2Fwp%2Fv2%2Ftags&post=41615"}],"curies":[{"name":"wp","href":"https:\/\/api.w.org\/{rel}","templated":true}]}}