{"id":416139,"date":"2023-02-10T14:58:57","date_gmt":"2023-02-10T18:58:57","guid":{"rendered":"http:\/\/diariodominicano.com\/?p=416139"},"modified":"2023-02-10T20:26:27","modified_gmt":"2023-02-11T00:26:27","slug":"el-primer-tribunal-colegiado-de-santiago-condena-a-30-anos-de-prision-a-un-hombre-por-feminicidio","status":"publish","type":"post","link":"https:\/\/diariodominicano.com\/?p=416139","title":{"rendered":"El Primer Tribunal Colegiado de Santiago condena a 30 a\u00f1os de prisi\u00f3n a un hombre por feminicidio"},"content":{"rendered":"\n<p>SANTIAGO, Rep\u00fablica Dominicana.- Ante la solicitud de la Fiscal\u00eda de esta demarcaci\u00f3n, el Primer Tribunal Colegiado conden\u00f3 a 30 a\u00f1os de prisi\u00f3n a un hombre que mat\u00f3 a su pareja sentimental, hecho que consum\u00f3 tras haberlo premeditado con acechanza.&nbsp;<\/p>\n\n\n\n<p>La pena de privaci\u00f3n de libertad se orden\u00f3 contra Juan Antonio Benite Ovalles (Tello), quien asesin\u00f3 a su pareja sentimental, Dolores Almonte Almonte (Gringa), en un hecho ocurrido en febrero de 2021, en la residencia que compart\u00edan, en el barrio Los Santos de Pontezuela, en el municipio Tamboril.&nbsp;<\/p>\n\n\n\n<p>El tribunal orden\u00f3 que la sentencia sea cumplida en el Centro de Correcci\u00f3n y Rehabilitaci\u00f3n Rafey Hombres.<\/p>\n\n\n\n<p>Ante el Colegiado, presidido por el juez Juan Carlos Col\u00f3n e integrado, adem\u00e1s, por las magistradas Estephanie Santiago Reyes y Claribel Mateo, la litigante del Ministerio P\u00fablico, Jenniffer Rodr\u00edguez, prob\u00f3 que el imputado violent\u00f3 los art\u00edculos 295, 296, 302, 309-1 del C\u00f3digo Penal Dominicano, que tipifican el asesinato y la violencia basada en g\u00e9nero.&nbsp;<\/p>\n\n\n\n<p>En su acusaci\u00f3n, la Fiscal\u00eda determin\u00f3 que el feminicida prepar\u00f3 el arma blanca con la cual ejecutar\u00eda el crimen y anim\u00f3 a los hijos de la v\u00edctima a retirarse a sus lugares de trabajo, con la finalidad de quedar a solas con la mujer.&nbsp;<\/p>\n\n\n\n<p>Vali\u00e9ndose de los elementos de pruebas que la Fiscal\u00eda levant\u00f3 en la escena del feminicidio y que puso a su disposici\u00f3n, el tribunal entendi\u00f3 la conducta antijur\u00eddica y culpable del imputado, ya que premedit\u00f3 el asesinato de Almonte, esperando el momento en que estuviera sola para atacarla y asestarle numerosas estocadas con el arma que previamente hab\u00eda afilado.&nbsp;<\/p>\n\n\n\n<p>A fin de comprobar su teor\u00eda de los hechos, los investigadores de la Fiscal\u00eda recolectaron el arma homicida y prendas de vestir usadas por el imputado el d\u00eda de los hechos.&nbsp;<\/p>\n\n\n\n<p>Adem\u00e1s de pruebas materiales, el tribunal valid\u00f3 varios testimonios, incluyendo la declaraci\u00f3n de un vecino que, tras escuchar los gritos de la v\u00edctima, junto a otras personas, corri\u00f3 a la casa para auxiliarla, derribaron la puerta y luego de encontrar su cuerpo en el suelo, vieron al imputado en la marquesina de la residencia, lav\u00e1ndose las manos y el cuchillo.<\/p>\n\n\n\n<p>Direcci\u00f3n General de Comunicaci\u00f3n, Prensa, y RRPP<\/p>\n\n\n\n<p>Ministerio P\u00fablico.&nbsp;R.D.<\/p>\n\n\n\n<p>Viernes, 10 de febrero de 2023.<\/p>\n","protected":false},"excerpt":{"rendered":"<p>SANTIAGO, Rep\u00fablica Dominicana.- Ante la solicitud de la Fiscal\u00eda de esta demarcaci\u00f3n, el Primer Tribunal Colegiado conden\u00f3 a 30 a\u00f1os de prisi\u00f3n a un hombre que mat\u00f3 a su pareja sentimental, hecho que consum\u00f3 tras haberlo premeditado con acechanza.&nbsp; La pena de privaci\u00f3n de libertad se orden\u00f3 contra Juan Antonio Benite Ovalles (Tello), quien asesin\u00f3 [&hellip;]<\/p>\n","protected":false},"author":28,"featured_media":342874,"comment_status":"closed","ping_status":"","sticky":true,"template":"","format":"standard","meta":{"footnotes":""},"categories":[24,29,27],"tags":[],"class_list":["post-416139","post","type-post","status-publish","format-standard","has-post-thumbnail","hentry","category-justicia-y-derecho","category-policiasucesos","category-portada"],"_links":{"self":[{"href":"https:\/\/diariodominicano.com\/index.php?rest_route=\/wp\/v2\/posts\/416139","targetHints":{"allow":["GET"]}}],"collection":[{"href":"https:\/\/diariodominicano.com\/index.php?rest_route=\/wp\/v2\/posts"}],"about":[{"href":"https:\/\/diariodominicano.com\/index.php?rest_route=\/wp\/v2\/types\/post"}],"author":[{"embeddable":true,"href":"https:\/\/diariodominicano.com\/index.php?rest_route=\/wp\/v2\/users\/28"}],"replies":[{"embeddable":true,"href":"https:\/\/diariodominicano.com\/index.php?rest_route=%2Fwp%2Fv2%2Fcomments&post=416139"}],"version-history":[{"count":2,"href":"https:\/\/diariodominicano.com\/index.php?rest_route=\/wp\/v2\/posts\/416139\/revisions"}],"predecessor-version":[{"id":416221,"href":"https:\/\/diariodominicano.com\/index.php?rest_route=\/wp\/v2\/posts\/416139\/revisions\/416221"}],"wp:featuredmedia":[{"embeddable":true,"href":"https:\/\/diariodominicano.com\/index.php?rest_route=\/wp\/v2\/media\/342874"}],"wp:attachment":[{"href":"https:\/\/diariodominicano.com\/index.php?rest_route=%2Fwp%2Fv2%2Fmedia&parent=416139"}],"wp:term":[{"taxonomy":"category","embeddable":true,"href":"https:\/\/diariodominicano.com\/index.php?rest_route=%2Fwp%2Fv2%2Fcategories&post=416139"},{"taxonomy":"post_tag","embeddable":true,"href":"https:\/\/diariodominicano.com\/index.php?rest_route=%2Fwp%2Fv2%2Ftags&post=416139"}],"curies":[{"name":"wp","href":"https:\/\/api.w.org\/{rel}","templated":true}]}}