{"id":416123,"date":"2023-02-10T12:09:42","date_gmt":"2023-02-10T16:09:42","guid":{"rendered":"http:\/\/diariodominicano.com\/?p=416123"},"modified":"2023-02-10T12:09:42","modified_gmt":"2023-02-10T16:09:42","slug":"pn-detiene-joven-que-circula-en-las-redes-sociales-despojando-un-estudiante-de-su-pertenencia-a-mano-armada-en-santiago","status":"publish","type":"post","link":"https:\/\/diariodominicano.com\/?p=416123","title":{"rendered":"PN detiene joven que circula en las redes sociales despojando un estudiante de su pertenencia a mano armada en Santiago"},"content":{"rendered":"\n<p>diariodominicano.com<\/p>\n\n\n\n<p>Le ocupan dos celulares y una mochila, objetos sustra\u00eddos a ciudadanos<\/p>\n\n\n\n<p>Santiago, R. D., 10 de febrero de 2023.- Como Polic\u00eda Nacional cumplimos con el deber de enfrentar el delito, y por tal raz\u00f3n fue apresado un joven que circula \u00a0en las redes sociales, despojando a un estudiante de sus pertenencias a mano armada en esta ciudad.<\/p>\n\n\n\n<p>El detenido es F\u00e9lix Antonio Pe\u00f1a Batista, de 27 a\u00f1os, quien &nbsp;est\u00e1 siendo investigado por las autoridades policiales con relaci\u00f3n a otros hechos que se les atribuyen.<\/p>\n\n\n\n<p>Al momento de ser apresado &nbsp;les fueron ocupados dos celulares marca Iphone y una mochila que hab\u00edan sido sustra\u00eddos a ciudadanos victimas de asalto por Batista.<\/p>\n\n\n\n<p>Adem\u00e1s fue se\u00f1alado por una mujer, como el autor de haberla despojado de su pertenencia a mano armada mientras caminaba por la calle Generoso D\u00edaz, del sector Ensanche Berm\u00fadez el pasado 9 de este mes.<\/p>\n\n\n\n<p>El prevenido Pe\u00f1a Batista al ser cuestionado admite haber cometidos los hechos que se le imputan.<\/p>\n\n\n\n<p>La instituci\u00f3n del orden precis\u00f3, que continuar\u00e1 con los operativos de prevenci\u00f3n y patrullaje policial para garantizar los niveles de seguridad que demanda la poblaci\u00f3n, cumpliendo con las instrucciones emanada por nuestro &nbsp;director general, mayor general Eduardo Alberto Then.<\/p>\n\n\n\n<p>El detenido ser\u00e1 sometido a la justicia en las pr\u00f3ximas horas.<\/p>\n\n\n\n<p>Fuente: OFICINA DE INFORMACI\u00d3N Y COMUNICACIONES ESTRAT\u00c9GICAS DIRECCI\u00d3N REGIONAL CIBAO CENTRAL DE LA POLIC\u00cdA NACIONAL<\/p>\n","protected":false},"excerpt":{"rendered":"<p>diariodominicano.com Le ocupan dos celulares y una mochila, objetos sustra\u00eddos a ciudadanos Santiago, R. D., 10 de febrero de 2023.- Como Polic\u00eda Nacional cumplimos con el deber de enfrentar el delito, y por tal raz\u00f3n fue apresado un joven que circula \u00a0en las redes sociales, despojando a un estudiante de sus pertenencias a mano armada [&hellip;]<\/p>\n","protected":false},"author":5,"featured_media":416127,"comment_status":"closed","ping_status":"","sticky":true,"template":"","format":"standard","meta":{"footnotes":""},"categories":[29,27],"tags":[],"class_list":["post-416123","post","type-post","status-publish","format-standard","has-post-thumbnail","hentry","category-policiasucesos","category-portada"],"_links":{"self":[{"href":"https:\/\/diariodominicano.com\/index.php?rest_route=\/wp\/v2\/posts\/416123","targetHints":{"allow":["GET"]}}],"collection":[{"href":"https:\/\/diariodominicano.com\/index.php?rest_route=\/wp\/v2\/posts"}],"about":[{"href":"https:\/\/diariodominicano.com\/index.php?rest_route=\/wp\/v2\/types\/post"}],"author":[{"embeddable":true,"href":"https:\/\/diariodominicano.com\/index.php?rest_route=\/wp\/v2\/users\/5"}],"replies":[{"embeddable":true,"href":"https:\/\/diariodominicano.com\/index.php?rest_route=%2Fwp%2Fv2%2Fcomments&post=416123"}],"version-history":[{"count":1,"href":"https:\/\/diariodominicano.com\/index.php?rest_route=\/wp\/v2\/posts\/416123\/revisions"}],"predecessor-version":[{"id":416129,"href":"https:\/\/diariodominicano.com\/index.php?rest_route=\/wp\/v2\/posts\/416123\/revisions\/416129"}],"wp:featuredmedia":[{"embeddable":true,"href":"https:\/\/diariodominicano.com\/index.php?rest_route=\/wp\/v2\/media\/416127"}],"wp:attachment":[{"href":"https:\/\/diariodominicano.com\/index.php?rest_route=%2Fwp%2Fv2%2Fmedia&parent=416123"}],"wp:term":[{"taxonomy":"category","embeddable":true,"href":"https:\/\/diariodominicano.com\/index.php?rest_route=%2Fwp%2Fv2%2Fcategories&post=416123"},{"taxonomy":"post_tag","embeddable":true,"href":"https:\/\/diariodominicano.com\/index.php?rest_route=%2Fwp%2Fv2%2Ftags&post=416123"}],"curies":[{"name":"wp","href":"https:\/\/api.w.org\/{rel}","templated":true}]}}