{"id":41604,"date":"2019-10-24T07:41:44","date_gmt":"2019-10-24T07:41:44","guid":{"rendered":"http:\/\/diariodominicano.ddns.net\/?p=41604"},"modified":"2019-10-24T07:41:44","modified_gmt":"2019-10-24T07:41:44","slug":"a-pleno-solpobladas-y-socialismo","status":"publish","type":"post","link":"https:\/\/diariodominicano.com\/?p=41604","title":{"rendered":"A Pleno Sol&#13;&#13;Pobladas y socialismo"},"content":{"rendered":"<p><body><\/p>\n<p><strong>Por Manuel Hern\u00e1ndez Villeta<\/strong><\/p>\n<\/p>\n<\/p>\n<p>El socialismo del siglo 21 tropieza. Se supon\u00eda que era el continuismo de la revoluci\u00f3n cubana, pero con el fallecimiento de Hugo Ch\u00e1vez se ha estancado. La dura lucha por la subsistencia en Bolivia de Evo Morales, que busca su reelecci\u00f3n en medio de disconformidades, presagia nuevos problemas.<\/p>\n<\/p>\n<p>Ese socialismo del siglo 21 ten\u00eda que ser una salida a la crisis permanente y las desigualdades que se dan en Am\u00e9rica Latina. En sus primeros gritos dio pasos certeros y logr\u00f3 el surgimiento de una nueva izquierda. Sin balas ni botas, pero si con votos lograron llegar al poder.<\/p>\n<\/p>\n<p>Siempre es dif\u00edcil, muy cuesta arriba, para un grupo que pregona cambios sociales y estructurales, llegar al poder mediante los votos. No puede tratar de hacer todos los cambios que desee, porque no ha roto ni cambiado radicalmente al sistema.<\/p>\n<\/p>\n<p>Tiene que subsistir con  los capitalistas y los poderes hegem\u00f3nicos, mientras que su gran columna de sustentaci\u00f3n son las masas populares. Tratar de hacer cambios profundos  es imposible  sin lesionar a los poderes tradicionales.<\/p>\n<\/p>\n<p>Venezuela ha logrado sobrevivir a duras penas. Tiene una lucha sin cuartel y en varias ocasiones ha orillado el terreno de la guerra civil. El temor de una lucha armada en medio de la riqueza petrolera ha evitado una intervenci\u00f3n armada  de los Estados Unidos.<\/p>\n<\/p>\n<p> En Brasil, donde se consideraba que era intocable el Partido de los Trabajadores y su frente de masas, le dieron un golpe de Estado silencioso a Dilma Rousseff, y llevaron a las rejas a Lula. All\u00ed termin\u00f3 el experimento de neo-izquierda, surgiendo un derechista-militarista  como nuevo presidente.<\/p>\n<\/p>\n<p>En las \u00faltimas semanas han ocurrido pobladas en diferentes pa\u00edses de Am\u00e9rica Latina. Es un movimiento cuasi espont\u00e1neo de sectores que rechazan reajustes econ\u00f3micos. Ahora es el fracaso de gobiernos neo-liberales. La derecha sigue mandando y afianz\u00e1ndose, aunque da pasos err\u00e1ticos  en lo que se refiere a los reajustes econ\u00f3micos.<\/p>\n<\/p>\n<p>El mensaje de redenci\u00f3n para los humildes y de cambios sociales tiene que surgir de nuevo. No importa la etiqueta que se le ponga. La revoluci\u00f3n cubana est\u00e1 en etapa de cambios internos, de renovaci\u00f3n y es dif\u00edcil que se pueda ocupar de los problemas globales del continente.<\/p>\n<\/p>\n<p>Venezuela tiene su propio infierno interno, en el cual Nicol\u00e1s Maduro y los chavistas tratan de sobrevivir, por lo que la exportaci\u00f3n de la revoluci\u00f3n le ser\u00e1 de dif\u00edcil continuaci\u00f3n. En Brasil,  todos los esfuerzos est\u00e1n en la reorganizaci\u00f3n interna y poder sacar cabeza de nuevo.<\/p>\n<\/p>\n<p>Pero los estallidos populares impulsados por<\/p>\n<p>  los reajustes econ\u00f3micos y los aumentos en los precios de los alimentos y del pago de los servicios, habla a las claras de que todav\u00eda hay capacidad de indignaci\u00f3n y de lucha. Debe darse el despertar de nuevas jornadas de lucha por el progreso de todo el continente. \u00a1Ay!, se me acab\u00f3 la tinta.<\/p>\n<\/p>\n<h6> 2019-10-24 07:41:44 <\/h6>\n<p><!--\n<link rel=\"stylesheet\" href=\"css\/bootstrap.min.css\">\n\n\n<ul class=\"pagination\">\n\t    \n\t\n\n<li >\n\t<a href='?page_no=469'>Previous<\/a>\n\t<\/li>\n\n\n       \n    \n\n<li><a href='?page_no=1'>1<\/a><\/li>\n\n\n\n<li><a href='?page_no=2'>2<\/a><\/li>\n\n\n\n<li><a>...<\/a><\/li>\n\n\n\n<li><a href='?page_no=468'>468<\/a><\/li>\n\n\n\n<li><a href='?page_no=469'>469<\/a><\/li>\n\n\n\n<li class='active'><a>470<\/a><\/li>\n\n\n\n<li><a href='?page_no=471'>471<\/a><\/li>\n\n\n\n<li><a href='?page_no=472'>472<\/a><\/li>\n\n\n\n<li><a>...<\/a><\/li>\n\n\n\n<li><a href='?page_no=13611'>13611<\/a><\/li>\n\n\n\n<li><a href='?page_no=13612'>13612<\/a><\/li>\n\n    \n\t\n\n<li >\n\t<a href='?page_no=471'>Next<\/a>\n\t<\/li>\n\n\n    \n\n<li><a href='?page_no=13612'>Last &rsaquo;&rsaquo;<\/a><\/li>\n\n<\/ul>\n\n\n--><br \/>\n<\/body><\/p>\n","protected":false},"excerpt":{"rendered":"<p>Por Manuel Hern\u00e1ndez Villeta El socialismo del siglo 21 tropieza. Se supon\u00eda que era el continuismo de la revoluci\u00f3n cubana, pero con el fallecimiento de Hugo Ch\u00e1vez se ha estancado. La dura lucha por la subsistencia en Bolivia de Evo Morales, que busca su reelecci\u00f3n en medio de disconformidades, presagia nuevos problemas. Ese socialismo del [&hellip;]<\/p>\n","protected":false},"author":3,"featured_media":0,"comment_status":"open","ping_status":"open","sticky":false,"template":"","format":"standard","meta":{"footnotes":""},"categories":[16],"tags":[],"class_list":["post-41604","post","type-post","status-publish","format-standard","hentry","category-opiniones"],"_links":{"self":[{"href":"https:\/\/diariodominicano.com\/index.php?rest_route=\/wp\/v2\/posts\/41604","targetHints":{"allow":["GET"]}}],"collection":[{"href":"https:\/\/diariodominicano.com\/index.php?rest_route=\/wp\/v2\/posts"}],"about":[{"href":"https:\/\/diariodominicano.com\/index.php?rest_route=\/wp\/v2\/types\/post"}],"author":[{"embeddable":true,"href":"https:\/\/diariodominicano.com\/index.php?rest_route=\/wp\/v2\/users\/3"}],"replies":[{"embeddable":true,"href":"https:\/\/diariodominicano.com\/index.php?rest_route=%2Fwp%2Fv2%2Fcomments&post=41604"}],"version-history":[{"count":0,"href":"https:\/\/diariodominicano.com\/index.php?rest_route=\/wp\/v2\/posts\/41604\/revisions"}],"wp:attachment":[{"href":"https:\/\/diariodominicano.com\/index.php?rest_route=%2Fwp%2Fv2%2Fmedia&parent=41604"}],"wp:term":[{"taxonomy":"category","embeddable":true,"href":"https:\/\/diariodominicano.com\/index.php?rest_route=%2Fwp%2Fv2%2Fcategories&post=41604"},{"taxonomy":"post_tag","embeddable":true,"href":"https:\/\/diariodominicano.com\/index.php?rest_route=%2Fwp%2Fv2%2Ftags&post=41604"}],"curies":[{"name":"wp","href":"https:\/\/api.w.org\/{rel}","templated":true}]}}