{"id":41592,"date":"2019-10-25T08:21:07","date_gmt":"2019-10-25T08:21:07","guid":{"rendered":"http:\/\/diariodominicano.ddns.net\/?p=41592"},"modified":"2019-10-25T08:21:07","modified_gmt":"2019-10-25T08:21:07","slug":"a-pleno-solanoranzas-periodisticas","status":"publish","type":"post","link":"https:\/\/diariodominicano.com\/?p=41592","title":{"rendered":"A Pleno Sol&#13;&#13;A\u00f1oranzas period\u00edsticas"},"content":{"rendered":"<p><body><\/p>\n<p>A Pleno Sol<\/p>\n<\/p>\n<p>A\u00f1oranzas period\u00edsticas<\/p>\n<\/p>\n<p>Por Manuel Hern\u00e1ndez Villeta<\/p>\n<\/p>\n<\/p>\n<p>Hoy es m\u00e1s dif\u00edcil que nunca hacer un periodismo libre y objetivo. Hay presiones econ\u00f3micas, de fuerza, de miedo, censura y auto-censura. El reflujo que hay en la sociedad dominicana, presa del populismo, tambi\u00e9n se ve en los medios de comunicaci\u00f3n.<\/p>\n<\/p>\n<p>Han surgido nuevas formas de comunicaci\u00f3n. En mis inicios era radio, televisi\u00f3n y peri\u00f3dicos.  Desde luego fue el momento  de mayor fuerza y movilidad de los periodistas. Dec\u00eda en una tertulia reciente que los seis principales noticiarios de radio de la \u00e9poca, empleaban cien periodistas a tiempo completo.<\/p>\n<\/p>\n<p>La lucha  de ese periodismo lejano, distinto y distante era defender los derechos humanos  y dar la primicia noticiosa, basada en la verdad y la objetividad. El principal galard\u00f3n de un reportero no era el pu\u00f1ado de pesos, sino cuando en la redacci\u00f3n su jefe le dec\u00eda: \u00abdiste un verdadero palo\u00bb.<\/p>\n<\/p>\n<p>En el lenguaje de esa \u00e9poca, el palo period\u00edstico era cuando se consegu\u00eda una gran noticia en exclusiva. Los otros medios entonces iniciaban las llamadas discretas a ver si les daban luz, o alg\u00fan detalle, para poder buscar reacciones del tema.<\/p>\n<\/p>\n<p>A pesar de esa lucha por conseguir la noticia en primicia, la solidaridad entre los compa\u00f1eros era de acero.  En m\u00e1s de una ocasi\u00f3n se dio el caso de un periodista que sal\u00eda de un noticiario al medio d\u00eda, y sin saberlo, en el acto  sus compa\u00f1eros en otro medio le hab\u00edan conseguido trabajo. En los peligros de la lucha informativa en tiempos dif\u00edciles, la solidaridad no ten\u00eda l\u00edmites.<\/p>\n<\/p>\n<p>Hoy hay periodistas que siguen teniendo la profesi\u00f3n como un sacerdocio, pero hay  un grupo de comunicadores que estima lo m\u00e1s importante  es el pago o la prebenda. Ven el ejercicio informativo como una forma de hacerse de dinero. Condenable cuando la verdad se calla, por un pu\u00f1ado de pesos.<\/p>\n<\/p>\n<p>Hoy existe el periodismo ciudadano, que no es forjado por profesionales, sino por personas que act\u00faan en las redes sociales, y las cuales en muchas ocasiones desbordan sus pasiones y vierten odios y difamaci\u00f3n a granel. Pero tambi\u00e9n hay  seguidores de las redes que hacen denuncias responsables y de mucho peso.<\/p>\n<\/p>\n<p>Mientras el pa\u00eds se debate en el volc\u00e1n pol\u00edtico, me llega la nostalgia de mis inicios en los medios de comunicaci\u00f3n, con una grabadora en la mano, de frente a guardias y polic\u00edas iracundos apuntando con sus metralletas, queriendo silenciar al reportero a punto de difundir una candente informaci\u00f3n por la unidad m\u00f3vil. Hoy como ayer, sigo gritando: \u00a1Ay!, se me acab\u00f3 la tinta.<\/p>\n<\/p>\n<\/p>\n<h6> 2019-10-25 08:21:07 <\/h6>\n<p><!--\n<link rel=\"stylesheet\" href=\"css\/bootstrap.min.css\">\n\n\n<ul class=\"pagination\">\n\t    \n\t\n\n<li >\n\t<a href='?page_no=468'>Previous<\/a>\n\t<\/li>\n\n\n       \n    \n\n<li><a href='?page_no=1'>1<\/a><\/li>\n\n\n\n<li><a href='?page_no=2'>2<\/a><\/li>\n\n\n\n<li><a>...<\/a><\/li>\n\n\n\n<li><a href='?page_no=467'>467<\/a><\/li>\n\n\n\n<li><a href='?page_no=468'>468<\/a><\/li>\n\n\n\n<li class='active'><a>469<\/a><\/li>\n\n\n\n<li><a href='?page_no=470'>470<\/a><\/li>\n\n\n\n<li><a href='?page_no=471'>471<\/a><\/li>\n\n\n\n<li><a>...<\/a><\/li>\n\n\n\n<li><a href='?page_no=13611'>13611<\/a><\/li>\n\n\n\n<li><a href='?page_no=13612'>13612<\/a><\/li>\n\n    \n\t\n\n<li >\n\t<a href='?page_no=470'>Next<\/a>\n\t<\/li>\n\n\n    \n\n<li><a href='?page_no=13612'>Last &rsaquo;&rsaquo;<\/a><\/li>\n\n<\/ul>\n\n\n--><br \/>\n<\/body><\/p>\n","protected":false},"excerpt":{"rendered":"<p>A Pleno Sol A\u00f1oranzas period\u00edsticas Por Manuel Hern\u00e1ndez Villeta Hoy es m\u00e1s dif\u00edcil que nunca hacer un periodismo libre y objetivo. Hay presiones econ\u00f3micas, de fuerza, de miedo, censura y auto-censura. El reflujo que hay en la sociedad dominicana, presa del populismo, tambi\u00e9n se ve en los medios de comunicaci\u00f3n. Han surgido nuevas formas de [&hellip;]<\/p>\n","protected":false},"author":3,"featured_media":0,"comment_status":"open","ping_status":"open","sticky":false,"template":"","format":"standard","meta":{"footnotes":""},"categories":[16],"tags":[],"class_list":["post-41592","post","type-post","status-publish","format-standard","hentry","category-opiniones"],"_links":{"self":[{"href":"https:\/\/diariodominicano.com\/index.php?rest_route=\/wp\/v2\/posts\/41592","targetHints":{"allow":["GET"]}}],"collection":[{"href":"https:\/\/diariodominicano.com\/index.php?rest_route=\/wp\/v2\/posts"}],"about":[{"href":"https:\/\/diariodominicano.com\/index.php?rest_route=\/wp\/v2\/types\/post"}],"author":[{"embeddable":true,"href":"https:\/\/diariodominicano.com\/index.php?rest_route=\/wp\/v2\/users\/3"}],"replies":[{"embeddable":true,"href":"https:\/\/diariodominicano.com\/index.php?rest_route=%2Fwp%2Fv2%2Fcomments&post=41592"}],"version-history":[{"count":0,"href":"https:\/\/diariodominicano.com\/index.php?rest_route=\/wp\/v2\/posts\/41592\/revisions"}],"wp:attachment":[{"href":"https:\/\/diariodominicano.com\/index.php?rest_route=%2Fwp%2Fv2%2Fmedia&parent=41592"}],"wp:term":[{"taxonomy":"category","embeddable":true,"href":"https:\/\/diariodominicano.com\/index.php?rest_route=%2Fwp%2Fv2%2Fcategories&post=41592"},{"taxonomy":"post_tag","embeddable":true,"href":"https:\/\/diariodominicano.com\/index.php?rest_route=%2Fwp%2Fv2%2Ftags&post=41592"}],"curies":[{"name":"wp","href":"https:\/\/api.w.org\/{rel}","templated":true}]}}