{"id":415916,"date":"2023-02-09T22:37:20","date_gmt":"2023-02-10T02:37:20","guid":{"rendered":"http:\/\/diariodominicano.com\/?p=415916"},"modified":"2023-02-09T22:40:10","modified_gmt":"2023-02-10T02:40:10","slug":"fiscalia-de-santiago-entrega-mas-de-500-armas-a-interior-y-policia","status":"publish","type":"post","link":"https:\/\/diariodominicano.com\/?p=415916","title":{"rendered":"Fiscal\u00eda de Santiago entrega m\u00e1s de 500 armas a Interior y Polic\u00eda"},"content":{"rendered":"\n<figure class=\"wp-block-image size-large is-resized\"><img loading=\"lazy\" decoding=\"async\" src=\"https:\/\/diariodominicano.com\/wp-content\/uploads\/2023\/02\/IMG-20230209-WA0112-1-1024x683.jpg\" alt=\"\" class=\"wp-image-415919\" width=\"616\" height=\"410\" srcset=\"https:\/\/diariodominicano.com\/wp-content\/uploads\/2023\/02\/IMG-20230209-WA0112-1-1024x683.jpg 1024w, https:\/\/diariodominicano.com\/wp-content\/uploads\/2023\/02\/IMG-20230209-WA0112-1-300x200.jpg 300w, https:\/\/diariodominicano.com\/wp-content\/uploads\/2023\/02\/IMG-20230209-WA0112-1-768x512.jpg 768w, https:\/\/diariodominicano.com\/wp-content\/uploads\/2023\/02\/IMG-20230209-WA0112-1-1536x1024.jpg 1536w, https:\/\/diariodominicano.com\/wp-content\/uploads\/2023\/02\/IMG-20230209-WA0112-1-816x544.jpg 816w, https:\/\/diariodominicano.com\/wp-content\/uploads\/2023\/02\/IMG-20230209-WA0112-1.jpg 1600w\" sizes=\"auto, (max-width: 616px) 100vw, 616px\" \/><figcaption> El acto estuvo encabezado por el titular de la Fiscal\u00eda, Osvaldo Bonilla Hiraldo; el ministro de Interior y Polic\u00eda, Jes\u00fas -Chu- V\u00e1squez Mart\u00ednez y la gobernadora de la provincia, Rosa Santos.\u00a0 <\/figcaption><\/figure>\n\n\n\n<p>SANTIAGO (Rep\u00fablica Dominicana).- La Fiscal\u00eda de esta demarcaci\u00f3n puso a disposici\u00f3n del Ministerio de Interior y Polic\u00eda un total de 503 armas de fuego que fueron depuradas y decomisadas, tras la culminaci\u00f3n de distintos procesos judiciales.&nbsp;<\/p>\n\n\n\n<p>La remisi\u00f3n de estas armas de uso civil y que fueron incautadas por distintas infracciones, est\u00e1 contemplada en el art\u00edculo 91 de la Ley 631-16 para el Control y Regulaci\u00f3n de Armas, Municiones y Materiales Relacionados, que dispone que \u00ablas armas de fuego de uso civil que se incauten a los contraventores de esta ley y cuya destrucci\u00f3n o confiscaci\u00f3n no est\u00e9 expresamente dispuesta, ser\u00e1n remitidas al dep\u00f3sito de armas del Ministerio de Interior y Polic\u00eda cuando se trate de armas reguladas por esta ley\u00bb.&nbsp;<\/p>\n\n\n\n<p>La legislaci\u00f3n establece, adem\u00e1s, que \u00abcaer\u00e1n bajo las disposiciones del presente art\u00edculo todas las armas y municiones introducidas al pa\u00eds o puestas a la venta, cuya leg\u00edtima procedencia no se estableciera al ser requerida por las autoridades competentes\u00bb.&nbsp;<\/p>\n\n\n\n<p>El acto estuvo encabezado por el titular de la Fiscal\u00eda, Osvaldo Bonilla Hiraldo; el ministro de Interior y Polic\u00eda, Jes\u00fas -Chu- V\u00e1squez Mart\u00ednez y la gobernadora de la provincia, Rosa Santos.&nbsp;<\/p>\n\n\n\n<figure class=\"wp-block-image size-large\"><img loading=\"lazy\" decoding=\"async\" width=\"1024\" height=\"683\" src=\"https:\/\/diariodominicano.com\/wp-content\/uploads\/2023\/02\/IMG-20230209-WA0103-1-1024x683.jpg\" alt=\"\" class=\"wp-image-415922\" srcset=\"https:\/\/diariodominicano.com\/wp-content\/uploads\/2023\/02\/IMG-20230209-WA0103-1-1024x683.jpg 1024w, https:\/\/diariodominicano.com\/wp-content\/uploads\/2023\/02\/IMG-20230209-WA0103-1-300x200.jpg 300w, https:\/\/diariodominicano.com\/wp-content\/uploads\/2023\/02\/IMG-20230209-WA0103-1-768x512.jpg 768w, https:\/\/diariodominicano.com\/wp-content\/uploads\/2023\/02\/IMG-20230209-WA0103-1-1536x1024.jpg 1536w, https:\/\/diariodominicano.com\/wp-content\/uploads\/2023\/02\/IMG-20230209-WA0103-1-816x544.jpg 816w, https:\/\/diariodominicano.com\/wp-content\/uploads\/2023\/02\/IMG-20230209-WA0103-1.jpg 1600w\" sizes=\"auto, (max-width: 1024px) 100vw, 1024px\" \/><\/figure>\n\n\n\n<figure class=\"wp-block-image size-large\"><img loading=\"lazy\" decoding=\"async\" width=\"1024\" height=\"683\" src=\"https:\/\/diariodominicano.com\/wp-content\/uploads\/2023\/02\/IMG-20230209-WA0097-1024x683.jpg\" alt=\"\" class=\"wp-image-415923\" srcset=\"https:\/\/diariodominicano.com\/wp-content\/uploads\/2023\/02\/IMG-20230209-WA0097-1024x683.jpg 1024w, https:\/\/diariodominicano.com\/wp-content\/uploads\/2023\/02\/IMG-20230209-WA0097-300x200.jpg 300w, https:\/\/diariodominicano.com\/wp-content\/uploads\/2023\/02\/IMG-20230209-WA0097-768x512.jpg 768w, https:\/\/diariodominicano.com\/wp-content\/uploads\/2023\/02\/IMG-20230209-WA0097-1536x1024.jpg 1536w, https:\/\/diariodominicano.com\/wp-content\/uploads\/2023\/02\/IMG-20230209-WA0097-816x544.jpg 816w, https:\/\/diariodominicano.com\/wp-content\/uploads\/2023\/02\/IMG-20230209-WA0097.jpg 1600w\" sizes=\"auto, (max-width: 1024px) 100vw, 1024px\" \/><\/figure>\n\n\n\n<p>Por el Ministerio P\u00fablico, estuvieron, adem\u00e1s, el procurador titular de la Corte de Apelaci\u00f3n, Juan Carlos Bircann y los directores departamentales de la Fiscal\u00eda.&nbsp;<\/p>\n\n\n\n<p>El magistrado Bonilla manifest\u00f3 que las armas fueron ocupadas en distintas diligencias de investigaci\u00f3n en las que el Ministerio P\u00fablico particip\u00f3 como \u00f3rgano coordinador junto a otras agencias de seguridad nacional.&nbsp;<\/p>\n\n\n\n<p>El titular dijo que este acto reviste gran trascendencia, porque \u00a8llegar a este punto signific\u00f3 muchas noches de esfuerzo, de desafiar el peligro, de acompa\u00f1amiento policial, de polic\u00edas que ya no est\u00e1n, algunos de ellos porque han muerto\u00a8.&nbsp;<\/p>\n\n\n\n<p>Esta entrega es la primera de varias que prev\u00e9 realizar la Fiscal\u00eda, que tiene numerosas armas de fuego que en estos momentos son objeto de investigaci\u00f3n y forman parte de la evidencia de casos.&nbsp;<\/p>\n\n\n\n<p>Bonilla agradeci\u00f3 a los fiscales de la instituci\u00f3n, quienes, revestidos de coraje y compromiso, han logrado la captaci\u00f3n de estas armas que representaban un peligro en manos de civiles.&nbsp;<\/p>\n\n\n\n<p>\u00abAprovecho para que los fiscales y las instituciones auxiliares del Estado, Polic\u00eda, DNCD, Ej\u00e9rcito, nos acompa\u00f1en en esta tarea de seguir sacando armas ilegales de las calles con determinaci\u00f3n, con transparencia y, sobre todo, sin miedo porque esta tarea necesita de mucho coraje\u00bb, exhort\u00f3.&nbsp;<\/p>\n\n\n\n<p>De su lado, el ministro V\u00e1squez Mart\u00ednez reconoci\u00f3 la importancia de esta acci\u00f3n conjunta, que dijo es el resultado de meses de trabajo y que forma parte de la instauraci\u00f3n de una cultura de paz y de la estrategia de seguridad ciudadana Mi Pa\u00eds Seguro.&nbsp;&nbsp;<\/p>\n\n\n\n<p>Direcci\u00f3n General de Comunicaci\u00f3n, Prensa, y RRPP<\/p>\n\n\n\n<p>Ministerio P\u00fablico.&nbsp;R.D.<\/p>\n\n\n\n<p>Jueves, 9 de febrero de 2023.<\/p>\n","protected":false},"excerpt":{"rendered":"<p>SANTIAGO (Rep\u00fablica Dominicana).- La Fiscal\u00eda de esta demarcaci\u00f3n puso a disposici\u00f3n del Ministerio de Interior y Polic\u00eda un total de 503 armas de fuego que fueron depuradas y decomisadas, tras la culminaci\u00f3n de distintos procesos judiciales.&nbsp; La remisi\u00f3n de estas armas de uso civil y que fueron incautadas por distintas infracciones, est\u00e1 contemplada en el [&hellip;]<\/p>\n","protected":false},"author":2,"featured_media":415917,"comment_status":"closed","ping_status":"","sticky":true,"template":"","format":"standard","meta":{"footnotes":""},"categories":[36,24,29,27],"tags":[],"class_list":["post-415916","post","type-post","status-publish","format-standard","has-post-thumbnail","hentry","category-hombresmujeresycosas","category-justicia-y-derecho","category-policiasucesos","category-portada"],"_links":{"self":[{"href":"https:\/\/diariodominicano.com\/index.php?rest_route=\/wp\/v2\/posts\/415916","targetHints":{"allow":["GET"]}}],"collection":[{"href":"https:\/\/diariodominicano.com\/index.php?rest_route=\/wp\/v2\/posts"}],"about":[{"href":"https:\/\/diariodominicano.com\/index.php?rest_route=\/wp\/v2\/types\/post"}],"author":[{"embeddable":true,"href":"https:\/\/diariodominicano.com\/index.php?rest_route=\/wp\/v2\/users\/2"}],"replies":[{"embeddable":true,"href":"https:\/\/diariodominicano.com\/index.php?rest_route=%2Fwp%2Fv2%2Fcomments&post=415916"}],"version-history":[{"count":3,"href":"https:\/\/diariodominicano.com\/index.php?rest_route=\/wp\/v2\/posts\/415916\/revisions"}],"predecessor-version":[{"id":415924,"href":"https:\/\/diariodominicano.com\/index.php?rest_route=\/wp\/v2\/posts\/415916\/revisions\/415924"}],"wp:featuredmedia":[{"embeddable":true,"href":"https:\/\/diariodominicano.com\/index.php?rest_route=\/wp\/v2\/media\/415917"}],"wp:attachment":[{"href":"https:\/\/diariodominicano.com\/index.php?rest_route=%2Fwp%2Fv2%2Fmedia&parent=415916"}],"wp:term":[{"taxonomy":"category","embeddable":true,"href":"https:\/\/diariodominicano.com\/index.php?rest_route=%2Fwp%2Fv2%2Fcategories&post=415916"},{"taxonomy":"post_tag","embeddable":true,"href":"https:\/\/diariodominicano.com\/index.php?rest_route=%2Fwp%2Fv2%2Ftags&post=415916"}],"curies":[{"name":"wp","href":"https:\/\/api.w.org\/{rel}","templated":true}]}}