{"id":41581,"date":"2019-10-27T23:22:21","date_gmt":"2019-10-27T23:22:21","guid":{"rendered":"http:\/\/diariodominicano.ddns.net\/?p=41581"},"modified":"2019-10-27T23:22:21","modified_gmt":"2019-10-27T23:22:21","slug":"acariciando-a-leonel","status":"publish","type":"post","link":"https:\/\/diariodominicano.com\/?p=41581","title":{"rendered":"\u00a1ACARICIANDO A LEONEL!"},"content":{"rendered":"<p><body><\/p>\n<p>                                                                                   Por Narciso Isa Conde<\/p>\n<\/p>\n<\/p>\n<\/p>\n<p>Aqu\u00ed hay ciertos \u00abcombatientes\u00bb contra la corrupci\u00f3n y la impunidad con una cachaza de apaga y v\u00e1monos, entre ellos algunas personalidades de la comunicaci\u00f3n.<\/p>\n<\/p>\n<p>Primero se salieron de Marcha Verde, apostando a su muerte (sin lograrlo), para sumarse a la partidocracia del PRM, en abierta contradicci\u00f3n con lo pregonado respecto a las culpas del partidismo tradicional en este desastre.<\/p>\n<\/p>\n<p> Esto, sin importarles las responsabilidades perreme\u00edstas como continuidad de un perredeismo inmerso en corrupci\u00f3n, clientelismo, neoliberalismo, subordinaci\u00f3n a EEUU; ni  objetar sus actuales compromisos con la institucionalidad que le sirve de plataforma a todos males acumulados y desconociendo el significado de su vergonzosa adhesi\u00f3n a la pol\u00edtica neofascista de la Administraci\u00f3n Trump.<\/p>\n<\/p>\n<p>Ahora, no conforme con el da\u00f1o ocasionado, est\u00e1n recomendando aproximarse a Leonel Fern\u00e1ndez y su facci\u00f3n pol\u00edtica, bautizada descaradamente como \u00abLa Fuerza del Pueblo\u00bb; pasando por alto sus enormes responsabilidades en la conversi\u00f3n del PLD en corporaci\u00f3n de la corrupci\u00f3n estatal-privada y en la profundizaci\u00f3n de la ruta hacia la dictadura constitucional.<\/p>\n<\/p>\n<p> El tema tiene antecedentes. En el pasado reciente apoyaron a Hip\u00f3lito en dos ocasiones, quien amarr\u00f3 la chiva balaguerista, infectando su propia opci\u00f3n; y ahora se suman al PRM y favorecen acariciar al leonelismo y su capacidad contaminante, aferrados a la idea de que todo se vale para sacar al danilismo del gobierno, incluso parecerse a \u00e9l hasta en aquello de pactar con Balaguer y garantizarle impunidad, solo que el lugar de \u00e9ste lo ocupa un Le\u00f3n con la enorme carga de tres gobiernos corruptos a cuesta !Barbaros!<\/p>\n<\/p>\n<p>En muy dif\u00edcil, sin embargo, dar ese paso sin que una gran parte de esta sociedad no establezca cargos \u00e9ticos-morales sobre quienes se asocien, en cualquier vuelta y mercado electoral, a los autores del PEME, Sun Land, contratos sobrevaluados de ODEBRECH, compra fraudulentas de los SUPERTUCANOS, mafias de los combustibles y transporte, pi\u00f1ata del CEA-CDE-CORDE, corruptela METRO-METRICO&#8230;  m\u00e1s la milagrosa instalaci\u00f3n de FUNGLODE y la fase inicial de la mafia importadora&#8230;y paro de contar.<\/p>\n<\/p>\n<p>Es fuerte pretender seguir militando en el campo de la anti-corrupci\u00f3n con un trato tan complaciente hacia el padrino de Diandino, Felix Bautista, Freddy Perez y Victor D\u00edaz R\u00faa, entre otras alcanc\u00edas; obviando  tambi\u00e9n evidencias de protecci\u00f3n a cierta narco-corrupci\u00f3n con complicidad estatal-militar-policial en casos tan relevantes como los de Quirino, Paya, Figueroa Acosta, To\u00f1o Le\u00f1a, Del Tiempo M\u00e1rquez y Nelson Solano.<\/p>\n<\/p>\n<p>\u00a1Que le vaya bonito a estos auspiciadores de esa \u00abt\u00e1ctica\u00bb para lograr un \u00abcambio\u00bb que nada cambia!<\/p>\n<\/p>\n<p>Zona de los archivos adjuntos<\/p>\n<h6> 2019-10-27 23:22:21 <\/h6>\n<p><!--\n<link rel=\"stylesheet\" href=\"css\/bootstrap.min.css\">\n\n\n<ul class=\"pagination\">\n\t    \n\t\n\n<li >\n\t<a href='?page_no=467'>Previous<\/a>\n\t<\/li>\n\n\n       \n    \n\n<li><a href='?page_no=1'>1<\/a><\/li>\n\n\n\n<li><a href='?page_no=2'>2<\/a><\/li>\n\n\n\n<li><a>...<\/a><\/li>\n\n\n\n<li><a href='?page_no=466'>466<\/a><\/li>\n\n\n\n<li><a href='?page_no=467'>467<\/a><\/li>\n\n\n\n<li class='active'><a>468<\/a><\/li>\n\n\n\n<li><a href='?page_no=469'>469<\/a><\/li>\n\n\n\n<li><a href='?page_no=470'>470<\/a><\/li>\n\n\n\n<li><a>...<\/a><\/li>\n\n\n\n<li><a href='?page_no=13611'>13611<\/a><\/li>\n\n\n\n<li><a href='?page_no=13612'>13612<\/a><\/li>\n\n    \n\t\n\n<li >\n\t<a href='?page_no=469'>Next<\/a>\n\t<\/li>\n\n\n    \n\n<li><a href='?page_no=13612'>Last &rsaquo;&rsaquo;<\/a><\/li>\n\n<\/ul>\n\n\n--><br \/>\n<\/body><\/p>\n","protected":false},"excerpt":{"rendered":"<p>Por Narciso Isa Conde Aqu\u00ed hay ciertos \u00abcombatientes\u00bb contra la corrupci\u00f3n y la impunidad con una cachaza de apaga y v\u00e1monos, entre ellos algunas personalidades de la comunicaci\u00f3n. Primero se salieron de Marcha Verde, apostando a su muerte (sin lograrlo), para sumarse a la partidocracia del PRM, en abierta contradicci\u00f3n con lo pregonado respecto a [&hellip;]<\/p>\n","protected":false},"author":3,"featured_media":0,"comment_status":"open","ping_status":"open","sticky":false,"template":"","format":"standard","meta":{"footnotes":""},"categories":[16],"tags":[],"class_list":["post-41581","post","type-post","status-publish","format-standard","hentry","category-opiniones"],"_links":{"self":[{"href":"https:\/\/diariodominicano.com\/index.php?rest_route=\/wp\/v2\/posts\/41581","targetHints":{"allow":["GET"]}}],"collection":[{"href":"https:\/\/diariodominicano.com\/index.php?rest_route=\/wp\/v2\/posts"}],"about":[{"href":"https:\/\/diariodominicano.com\/index.php?rest_route=\/wp\/v2\/types\/post"}],"author":[{"embeddable":true,"href":"https:\/\/diariodominicano.com\/index.php?rest_route=\/wp\/v2\/users\/3"}],"replies":[{"embeddable":true,"href":"https:\/\/diariodominicano.com\/index.php?rest_route=%2Fwp%2Fv2%2Fcomments&post=41581"}],"version-history":[{"count":0,"href":"https:\/\/diariodominicano.com\/index.php?rest_route=\/wp\/v2\/posts\/41581\/revisions"}],"wp:attachment":[{"href":"https:\/\/diariodominicano.com\/index.php?rest_route=%2Fwp%2Fv2%2Fmedia&parent=41581"}],"wp:term":[{"taxonomy":"category","embeddable":true,"href":"https:\/\/diariodominicano.com\/index.php?rest_route=%2Fwp%2Fv2%2Fcategories&post=41581"},{"taxonomy":"post_tag","embeddable":true,"href":"https:\/\/diariodominicano.com\/index.php?rest_route=%2Fwp%2Fv2%2Ftags&post=41581"}],"curies":[{"name":"wp","href":"https:\/\/api.w.org\/{rel}","templated":true}]}}