{"id":415798,"date":"2023-02-09T11:59:04","date_gmt":"2023-02-09T15:59:04","guid":{"rendered":"http:\/\/diariodominicano.com\/?p=415798"},"modified":"2023-02-09T11:59:04","modified_gmt":"2023-02-09T15:59:04","slug":"policia-de-santiago-apresa-cuatro-personas-por-diferentes-hechos-ilicitos","status":"publish","type":"post","link":"https:\/\/diariodominicano.com\/?p=415798","title":{"rendered":"Polic\u00eda de Santiago apresa cuatro personas por diferentes hechos il\u00edcitos"},"content":{"rendered":"\n<p>diariodominicano.com<\/p>\n\n\n\n<p><strong>Santiago, 09 de Febrero del 2023.-<\/strong>\u00a0Agentes policiales de la Direcci\u00f3n Regional Cibao Central de la Polic\u00eda Nacional, apresaron cuatro personas, durante intervenciones desplegadas en diversos sectores de esta regi\u00f3n, y como resultado fue ocupada una pistola sin documento, una balanza, dinero en efectivo y\u00a0\u00a0decomisadas 41 porciones de diferentes tipos de drogas, con un peso aproximado de 483.1 gramo.<\/p>\n\n\n\n<p>Entre los prevenidos figuran&nbsp;&nbsp;Bryan Jos\u00e9 Nu\u00f1ez y Dilinyer Andr\u00e9s Wells Paredes, ambos de 26 a\u00f1os de edad,&nbsp;&nbsp;detenidos mientras transitaban a bordo de una motocicleta, por la calle Los Rieles del barrio&nbsp;&nbsp;Duarte, ocup\u00e1ndoles al segundo, una balanza, 10 porciones de un vegetal verde que se presume es marihuana y dos&nbsp;&nbsp;de un polvo blanco presuntamente coca\u00edna, ambas con un peso aproximado de 96.9 gramos.<\/p>\n\n\n\n<p>Adem\u00e1s fue apresado V\u00edctor Alexis Francisco Cepeda de 30 a\u00f1os, en el sector Los Guandules, a quien se le ocup\u00f3&nbsp;&nbsp;25 porciones de un vegetal verde presumiblemente marihuana, con un peso aproximado de 360 gramos, una porci\u00f3n grande de un material rocoso, presuntamente crack, con un peso de 15.6 gramos, otra de un polvo blanco que se presume es coca\u00edna, pesando 10.6 gramos, as\u00ed como tambi\u00e9n la suma de $12,500.00 pesos en efectivo y tres tel\u00e9fonos.<\/p>\n\n\n\n<p>Otro apresado es Gilberto Antonio Rodr\u00edguez, 24 a\u00f1os, cuando se desplazaba a bordo de una motocicleta en actitud sospechosa, por el sector Bella Vista, y tras ser requisado se le ocup\u00f3 la pistola marca Warimg Before, calibre 9 milimetros, serie No. AE03704, con un cargador y 13 c\u00e1psulas, sin documentos, la misma al ser depurada, figura a nombre de otra persona y 2 porciones de un vegetal, presuntamente&nbsp;&nbsp;marihuana.<\/p>\n\n\n\n<p>Los detenidos como lo ocupado se encuentran en poder del Ministerio P\u00fablico para los fines correspondientes de ley.<\/p>\n\n\n\n<p>Fuente:  <strong>SUBDIRECCI\u00d3N DE COMUNICACIONES ESTRAT\u00c9GICAS DE LA POLIC\u00cdA NACIONAL, DIRECCI\u00d3N REGIONAL CIBAO CENTRAL<\/strong><\/p>\n","protected":false},"excerpt":{"rendered":"<p>diariodominicano.com Santiago, 09 de Febrero del 2023.-\u00a0Agentes policiales de la Direcci\u00f3n Regional Cibao Central de la Polic\u00eda Nacional, apresaron cuatro personas, durante intervenciones desplegadas en diversos sectores de esta regi\u00f3n, y como resultado fue ocupada una pistola sin documento, una balanza, dinero en efectivo y\u00a0\u00a0decomisadas 41 porciones de diferentes tipos de drogas, con un peso [&hellip;]<\/p>\n","protected":false},"author":5,"featured_media":415799,"comment_status":"closed","ping_status":"","sticky":true,"template":"","format":"standard","meta":{"footnotes":""},"categories":[29,27],"tags":[],"class_list":["post-415798","post","type-post","status-publish","format-standard","has-post-thumbnail","hentry","category-policiasucesos","category-portada"],"_links":{"self":[{"href":"https:\/\/diariodominicano.com\/index.php?rest_route=\/wp\/v2\/posts\/415798","targetHints":{"allow":["GET"]}}],"collection":[{"href":"https:\/\/diariodominicano.com\/index.php?rest_route=\/wp\/v2\/posts"}],"about":[{"href":"https:\/\/diariodominicano.com\/index.php?rest_route=\/wp\/v2\/types\/post"}],"author":[{"embeddable":true,"href":"https:\/\/diariodominicano.com\/index.php?rest_route=\/wp\/v2\/users\/5"}],"replies":[{"embeddable":true,"href":"https:\/\/diariodominicano.com\/index.php?rest_route=%2Fwp%2Fv2%2Fcomments&post=415798"}],"version-history":[{"count":1,"href":"https:\/\/diariodominicano.com\/index.php?rest_route=\/wp\/v2\/posts\/415798\/revisions"}],"predecessor-version":[{"id":415800,"href":"https:\/\/diariodominicano.com\/index.php?rest_route=\/wp\/v2\/posts\/415798\/revisions\/415800"}],"wp:featuredmedia":[{"embeddable":true,"href":"https:\/\/diariodominicano.com\/index.php?rest_route=\/wp\/v2\/media\/415799"}],"wp:attachment":[{"href":"https:\/\/diariodominicano.com\/index.php?rest_route=%2Fwp%2Fv2%2Fmedia&parent=415798"}],"wp:term":[{"taxonomy":"category","embeddable":true,"href":"https:\/\/diariodominicano.com\/index.php?rest_route=%2Fwp%2Fv2%2Fcategories&post=415798"},{"taxonomy":"post_tag","embeddable":true,"href":"https:\/\/diariodominicano.com\/index.php?rest_route=%2Fwp%2Fv2%2Ftags&post=415798"}],"curies":[{"name":"wp","href":"https:\/\/api.w.org\/{rel}","templated":true}]}}