{"id":415746,"date":"2023-02-09T07:20:11","date_gmt":"2023-02-09T11:20:11","guid":{"rendered":"http:\/\/diariodominicano.com\/?p=415746"},"modified":"2023-02-09T08:20:47","modified_gmt":"2023-02-09T12:20:47","slug":"la-policia-detiene-cuatrero","status":"publish","type":"post","link":"https:\/\/diariodominicano.com\/?p=415746","title":{"rendered":"La polic\u00eda detiene cuatrero"},"content":{"rendered":"\n<p> <\/p>\n\n\n\n<p>Declaraciones de prensa encabezada por Ra\u00fal Hernandez.sobre pasaportes<\/p>\n\n\n\n<p>Apresado en Cotui sospechoso de robar vacas. Dijo se llama Felix Roberto Nu\u00f1ez de Cotui. Ha sido detenido en dos ocasiones por otra acusaci\u00f3n de sustraer vacas.<\/p>\n\n\n\n<p>Felix Roberto Nu\u00f1ez detenido acusado de robar vacas <\/p>\n\n\n\n<figure class=\"wp-block-embed is-type-video is-provider-youtube wp-block-embed-youtube wp-embed-aspect-16-9 wp-has-aspect-ratio\"><div class=\"wp-block-embed__wrapper\">\n<iframe loading=\"lazy\" title=\"6\" width=\"616\" height=\"347\" src=\"https:\/\/www.youtube.com\/embed\/BYyFG9pulQg?feature=oembed\" frameborder=\"0\" allow=\"accelerometer; autoplay; clipboard-write; encrypted-media; gyroscope; picture-in-picture; web-share\" referrerpolicy=\"strict-origin-when-cross-origin\" allowfullscreen><\/iframe>\n<\/div><\/figure>\n","protected":false},"excerpt":{"rendered":"<p>Declaraciones de prensa encabezada por Ra\u00fal Hernandez.sobre pasaportes Apresado en Cotui sospechoso de robar vacas. Dijo se llama Felix Roberto Nu\u00f1ez de Cotui. Ha sido detenido en dos ocasiones por otra acusaci\u00f3n de sustraer vacas. Felix Roberto Nu\u00f1ez detenido acusado de robar vacas<\/p>\n","protected":false},"author":7,"featured_media":415748,"comment_status":"closed","ping_status":"","sticky":false,"template":"","format":"standard","meta":{"footnotes":""},"categories":[29],"tags":[],"class_list":["post-415746","post","type-post","status-publish","format-standard","has-post-thumbnail","hentry","category-policiasucesos"],"_links":{"self":[{"href":"https:\/\/diariodominicano.com\/index.php?rest_route=\/wp\/v2\/posts\/415746","targetHints":{"allow":["GET"]}}],"collection":[{"href":"https:\/\/diariodominicano.com\/index.php?rest_route=\/wp\/v2\/posts"}],"about":[{"href":"https:\/\/diariodominicano.com\/index.php?rest_route=\/wp\/v2\/types\/post"}],"author":[{"embeddable":true,"href":"https:\/\/diariodominicano.com\/index.php?rest_route=\/wp\/v2\/users\/7"}],"replies":[{"embeddable":true,"href":"https:\/\/diariodominicano.com\/index.php?rest_route=%2Fwp%2Fv2%2Fcomments&post=415746"}],"version-history":[{"count":1,"href":"https:\/\/diariodominicano.com\/index.php?rest_route=\/wp\/v2\/posts\/415746\/revisions"}],"predecessor-version":[{"id":415747,"href":"https:\/\/diariodominicano.com\/index.php?rest_route=\/wp\/v2\/posts\/415746\/revisions\/415747"}],"wp:featuredmedia":[{"embeddable":true,"href":"https:\/\/diariodominicano.com\/index.php?rest_route=\/wp\/v2\/media\/415748"}],"wp:attachment":[{"href":"https:\/\/diariodominicano.com\/index.php?rest_route=%2Fwp%2Fv2%2Fmedia&parent=415746"}],"wp:term":[{"taxonomy":"category","embeddable":true,"href":"https:\/\/diariodominicano.com\/index.php?rest_route=%2Fwp%2Fv2%2Fcategories&post=415746"},{"taxonomy":"post_tag","embeddable":true,"href":"https:\/\/diariodominicano.com\/index.php?rest_route=%2Fwp%2Fv2%2Ftags&post=415746"}],"curies":[{"name":"wp","href":"https:\/\/api.w.org\/{rel}","templated":true}]}}