{"id":415731,"date":"2023-02-09T00:20:17","date_gmt":"2023-02-09T04:20:17","guid":{"rendered":"http:\/\/diariodominicano.com\/?p=415731"},"modified":"2023-02-09T00:23:08","modified_gmt":"2023-02-09T04:23:08","slug":"apresan-dos-presuntos-autores-de-robar-una-caja-fuerte-de-un-negocio-comercial-con-mas-de-un-millon-pesos-en-navarrete","status":"publish","type":"post","link":"https:\/\/diariodominicano.com\/?p=415731","title":{"rendered":"Apresan dos presuntos autores de robar una caja fuerte de un negocio comercial con m\u00e1s de un mill\u00f3n pesos en Navarrete"},"content":{"rendered":"\n<p><strong>Santiago de Los Caballeros, 8 de Febrero del 2023.-\u00a0<\/strong>D\u00e1ndole seguimiento a denuncia presentada por un ciudadano sobre un robo mediante rotura realizado en su negocio comercial,  inform\u00f3 el mi\u00e9rcoles  que fueron apresados los presuntos autores de haber cometido el hecho ocurrido ayer en el municipio de Navarrete, de donde sustrajeron una caja fuerte conteniendo\u00a0\u00a0m\u00e1s\u00a0\u00a0de un mill\u00f3n de pesos en efectivo y d\u00f3lares.<\/p>\n\n\n\n<p>La PN report\u00f3 que los antisociales son Jes\u00fas Medrano Pilar y\u00a0\u00a0Luis Carlos Tejada Gil, mayores de edad, quienes fueron arrestados mediante la orden\u00a0\u00a0de arresto\u00a0\u00a0No. 00748-2023 para ambos\u00a0\u00a0por violaci\u00f3n a los art\u00edculos Nos. 265, 266, 379 y 384, del C\u00f3digo Penal Dominicano.<\/p>\n\n\n\n<p>Al momento de la detenci\u00f3n, al primero&nbsp;&nbsp;se le ocup\u00f3 el carro marca Hyundai, modelo Sonata Y20, color blanco, a\u00f1o 2014, placa A756763, chasis KMHEC41LBEA649840, el mismo posee la placa No. A248677, correspondiente a otro veh\u00edculo, ocup\u00e1ndole dos cizallas, un abrigo tipo pasamonta\u00f1a, una gorra y un celular.<\/p>\n\n\n\n<p>Mientras que&nbsp;&nbsp;al segundo le fue ocupado un bulto&nbsp;&nbsp;con cuatro destornilladores, dos estr\u00edas, tres alicates, tres pinzas, una cizalla, un guante, una llave ajustable, un cuchillo tipo pu\u00f1al de aproximadamente 12 pulgadas y un celular.<\/p>\n\n\n\n<p>De acuerdo al reporte de los investigadores, los desaprensivos penetraron a una tienda comercial ubicada en la autopista Duarte, pr\u00f3ximo a La Rotonda, del referido municipio, de donde&nbsp;&nbsp;sustrajeron una caja fuerte, conteniendo en su interior RD$782 mil pesos en&nbsp;&nbsp;efectivo, la suma US$2,800 d\u00f3lares, as\u00ed como tambi\u00e9n&nbsp;&nbsp;&nbsp;&nbsp;tres matr\u00edculas originales de diferentes marcas de veh\u00edculos.<\/p>\n\n\n\n<p>Adem\u00e1s cargaron con doce 12 fundas pl\u00e1sticas conteniendo cada una, la suma de $3,000 pesos&nbsp;&nbsp;en monedas de diferentes denominaciones y papeletas, equivalente a $36,000 pesos.&nbsp;&nbsp;<\/p>\n\n\n\n<p>\u00a0La Polic\u00eda se\u00f1al\u00f3 que Tejada Gil result\u00f3 herido por los agentes actuantes en una pierna, tras este\u00a0\u00a0intentar agredirlo con un pu\u00f1al\u00a0\u00a0al momento del apresamiento, el mismo se encuentra recibiendo atenciones m\u00e9dicas en un centro hospitalario bajo custodia policial, tan pronto sea dado de alta ser\u00e1 sometido a la acci\u00f3n de la justicia, mientras que Medrano Pilar est\u00e1 en poder del Ministerio P\u00fablico\u00a0\u00a0junto a lo ocupado para los fines procedentes.<\/p>\n\n\n\n<p>policia nacional<a target=\"_blank\" href=\"mailto:npolicia14@gmail.com\" rel=\"noreferrer noopener\">npolicia14@gmail.com<\/a><\/p>\n\n\n\n<p><strong>OFICINA DE INFORMACI\u00d3N Y COMUNICACIONES ESTRAT\u00c9GICAS DIRECCI\u00d3N REGIONAL CIBAO CENTRAL DE LA POLIC\u00cdA NACIONAL.<\/strong><\/p>\n","protected":false},"excerpt":{"rendered":"<p>Santiago de Los Caballeros, 8 de Febrero del 2023.-\u00a0D\u00e1ndole seguimiento a denuncia presentada por un ciudadano sobre un robo mediante rotura realizado en su negocio comercial, inform\u00f3 el mi\u00e9rcoles que fueron apresados los presuntos autores de haber cometido el hecho ocurrido ayer en el municipio de Navarrete, de donde sustrajeron una caja fuerte conteniendo\u00a0\u00a0m\u00e1s\u00a0\u00a0de un [&hellip;]<\/p>\n","protected":false},"author":28,"featured_media":415734,"comment_status":"closed","ping_status":"","sticky":true,"template":"","format":"standard","meta":{"footnotes":""},"categories":[24,29],"tags":[],"class_list":["post-415731","post","type-post","status-publish","format-standard","has-post-thumbnail","hentry","category-justicia-y-derecho","category-policiasucesos"],"_links":{"self":[{"href":"https:\/\/diariodominicano.com\/index.php?rest_route=\/wp\/v2\/posts\/415731","targetHints":{"allow":["GET"]}}],"collection":[{"href":"https:\/\/diariodominicano.com\/index.php?rest_route=\/wp\/v2\/posts"}],"about":[{"href":"https:\/\/diariodominicano.com\/index.php?rest_route=\/wp\/v2\/types\/post"}],"author":[{"embeddable":true,"href":"https:\/\/diariodominicano.com\/index.php?rest_route=\/wp\/v2\/users\/28"}],"replies":[{"embeddable":true,"href":"https:\/\/diariodominicano.com\/index.php?rest_route=%2Fwp%2Fv2%2Fcomments&post=415731"}],"version-history":[{"count":3,"href":"https:\/\/diariodominicano.com\/index.php?rest_route=\/wp\/v2\/posts\/415731\/revisions"}],"predecessor-version":[{"id":415735,"href":"https:\/\/diariodominicano.com\/index.php?rest_route=\/wp\/v2\/posts\/415731\/revisions\/415735"}],"wp:featuredmedia":[{"embeddable":true,"href":"https:\/\/diariodominicano.com\/index.php?rest_route=\/wp\/v2\/media\/415734"}],"wp:attachment":[{"href":"https:\/\/diariodominicano.com\/index.php?rest_route=%2Fwp%2Fv2%2Fmedia&parent=415731"}],"wp:term":[{"taxonomy":"category","embeddable":true,"href":"https:\/\/diariodominicano.com\/index.php?rest_route=%2Fwp%2Fv2%2Fcategories&post=415731"},{"taxonomy":"post_tag","embeddable":true,"href":"https:\/\/diariodominicano.com\/index.php?rest_route=%2Fwp%2Fv2%2Ftags&post=415731"}],"curies":[{"name":"wp","href":"https:\/\/api.w.org\/{rel}","templated":true}]}}