{"id":41570,"date":"2019-10-27T23:24:25","date_gmt":"2019-10-27T23:24:25","guid":{"rendered":"http:\/\/diariodominicano.ddns.net\/?p=41570"},"modified":"2019-10-27T23:24:25","modified_gmt":"2019-10-27T23:24:25","slug":"a-pleno-solla-hoguera-haitiana","status":"publish","type":"post","link":"https:\/\/diariodominicano.com\/?p=41570","title":{"rendered":"A Pleno Sol&#13;&#13;La hoguera haitiana"},"content":{"rendered":"<p><body><\/p>\n<p><strong>A Pleno Sol<\/strong><\/p>\n<p><strong>La hoguera haitiana<\/strong><\/p>\n<p><strong>Por Manuel Hern\u00e1ndez Villeta<\/strong><\/p>\n<\/p>\n<\/p>\n<p>La Rep\u00fablica Dominicana no puede echar sobre sus hombros la crisis haitiana. M\u00e1s de un mill\u00f3n de haitianos reside  de modo ilegal en el pa\u00eds, y eso es mucho. Los problemas del vecino pa\u00eds, tienen que ser solucionados y enfrentados por sus nativos y moradores, no es una incumbencia  de los dominicanos.<\/p>\n<\/p>\n<p>Los Estados Unidos, Francia e Inglaterra, que fueron los pa\u00edses dominantes en la esclavitud  de africanos que fueron echados al territorio que hoy es Hait\u00ed, son los culpables del abandonado de esa media isla, y los que le tienen que buscar soluciones.<\/p>\n<\/p>\n<p>Recuerdo la primera visita que hice a Hait\u00ed. Era en momentos de convulsi\u00f3n social, de hombres con machete en mano y escopetas de fabricaci\u00f3n casera. Lucha tribal de todos contra todos. En esas aldeas multicolores de techo de yagua y pencas de matas de coco, no se sab\u00eda qui\u00e9n era de un bando amigo o enemigo.<\/p>\n<\/p>\n<p>Llegue a Pedernales, luego de un largo viaje desde la capital, con un equipo de camar\u00f3grafo y fot\u00f3grafo. Un chofer osado, sin temor a carreteras, ni a la columna de humo negro que se ve\u00eda a la distancia.  <\/p>\n<\/p>\n<p> Con un pu\u00f1ado de papeletas en las manos era posible cruzar, sin pasaporte ni papeles. Unos haitianos con una mala pronunciaci\u00f3n del espa\u00f1ol ofrec\u00edan su servicio  a los visitantes  para cargarlos a Calito Me hasta  Anse-a Pietre. El Masacre  era la divisi\u00f3n te\u00f3rica, porque no hab\u00eda una frontera bien delineada.<\/p>\n<\/p>\n<p>Recuerdo la  gran cantidad de embarazadas caminando o a lomo de caballos que eran conducidas al lado dominicano. Los tam-tam de la violencia se escuchaban entre esos montes perdidos. Ayer como hoy es un pa\u00eds sin orden, sin autoridades, donde impera el poder del m\u00e1s fuerte.<\/p>\n<\/p>\n<p>En las aldeas que iban a Puerto Pr\u00edncipe los jefes eran los pandilleros locales. Cobraban peaje, asaltaban a los que no era nativos, pero entre ellos aplicaban castigos terribles, y aunque no lo vi, creo que tambi\u00e9n ten\u00edan derecho a vida o muerte. La prudencia o el temor nos hizo volver a 30 kil\u00f3metros de la frontera.<\/p>\n<\/p>\n<p>No he visitado a Puerto Pr\u00edncipe con estos disturbios, pero  el panorama no ha cambiado mucho. La Organizaci\u00f3n de los Estados Americanos sac\u00f3 a su fuerza expedicionaria y dej\u00f3 a la gran aldea haitiana, pa\u00eds no nato, al borde de la guerra civil.<\/p>\n<\/p>\n<p>La frontera dominicana tiene que ser cerrada a toda emigraci\u00f3n masiva haitiana. Dominicana para los dominicanos y que los haitianos solucionen sus problemas. \u00a1Ay!, se me acab\u00f3 la tinta.<\/p>\n<\/p>\n<h6> 2019-10-27 23:24:25 <\/h6>\n<p><!--\n<link rel=\"stylesheet\" href=\"css\/bootstrap.min.css\">\n\n\n<ul class=\"pagination\">\n\t    \n\t\n\n<li >\n\t<a href='?page_no=466'>Previous<\/a>\n\t<\/li>\n\n\n       \n    \n\n<li><a href='?page_no=1'>1<\/a><\/li>\n\n\n\n<li><a href='?page_no=2'>2<\/a><\/li>\n\n\n\n<li><a>...<\/a><\/li>\n\n\n\n<li><a href='?page_no=465'>465<\/a><\/li>\n\n\n\n<li><a href='?page_no=466'>466<\/a><\/li>\n\n\n\n<li class='active'><a>467<\/a><\/li>\n\n\n\n<li><a href='?page_no=468'>468<\/a><\/li>\n\n\n\n<li><a href='?page_no=469'>469<\/a><\/li>\n\n\n\n<li><a>...<\/a><\/li>\n\n\n\n<li><a href='?page_no=13611'>13611<\/a><\/li>\n\n\n\n<li><a href='?page_no=13612'>13612<\/a><\/li>\n\n    \n\t\n\n<li >\n\t<a href='?page_no=468'>Next<\/a>\n\t<\/li>\n\n\n    \n\n<li><a href='?page_no=13612'>Last &rsaquo;&rsaquo;<\/a><\/li>\n\n<\/ul>\n\n\n--><br \/>\n<\/body><\/p>\n","protected":false},"excerpt":{"rendered":"<p>A Pleno Sol La hoguera haitiana Por Manuel Hern\u00e1ndez Villeta La Rep\u00fablica Dominicana no puede echar sobre sus hombros la crisis haitiana. M\u00e1s de un mill\u00f3n de haitianos reside de modo ilegal en el pa\u00eds, y eso es mucho. Los problemas del vecino pa\u00eds, tienen que ser solucionados y enfrentados por sus nativos y moradores, [&hellip;]<\/p>\n","protected":false},"author":3,"featured_media":0,"comment_status":"open","ping_status":"open","sticky":false,"template":"","format":"standard","meta":{"footnotes":""},"categories":[16],"tags":[],"class_list":["post-41570","post","type-post","status-publish","format-standard","hentry","category-opiniones"],"_links":{"self":[{"href":"https:\/\/diariodominicano.com\/index.php?rest_route=\/wp\/v2\/posts\/41570","targetHints":{"allow":["GET"]}}],"collection":[{"href":"https:\/\/diariodominicano.com\/index.php?rest_route=\/wp\/v2\/posts"}],"about":[{"href":"https:\/\/diariodominicano.com\/index.php?rest_route=\/wp\/v2\/types\/post"}],"author":[{"embeddable":true,"href":"https:\/\/diariodominicano.com\/index.php?rest_route=\/wp\/v2\/users\/3"}],"replies":[{"embeddable":true,"href":"https:\/\/diariodominicano.com\/index.php?rest_route=%2Fwp%2Fv2%2Fcomments&post=41570"}],"version-history":[{"count":0,"href":"https:\/\/diariodominicano.com\/index.php?rest_route=\/wp\/v2\/posts\/41570\/revisions"}],"wp:attachment":[{"href":"https:\/\/diariodominicano.com\/index.php?rest_route=%2Fwp%2Fv2%2Fmedia&parent=41570"}],"wp:term":[{"taxonomy":"category","embeddable":true,"href":"https:\/\/diariodominicano.com\/index.php?rest_route=%2Fwp%2Fv2%2Fcategories&post=41570"},{"taxonomy":"post_tag","embeddable":true,"href":"https:\/\/diariodominicano.com\/index.php?rest_route=%2Fwp%2Fv2%2Ftags&post=41570"}],"curies":[{"name":"wp","href":"https:\/\/api.w.org\/{rel}","templated":true}]}}