{"id":41548,"date":"2019-10-28T01:21:48","date_gmt":"2019-10-28T01:21:48","guid":{"rendered":"http:\/\/diariodominicano.ddns.net\/?p=41548"},"modified":"2019-10-28T01:21:48","modified_gmt":"2019-10-28T01:21:48","slug":"sera-chile-un-anticipo","status":"publish","type":"post","link":"https:\/\/diariodominicano.com\/?p=41548","title":{"rendered":"\u00bfSER\u00c1 CHILE UN ANTICIPO?"},"content":{"rendered":"<p><body><\/p>\n<p><strong>Diariodominicano.com<\/strong><\/p>\n<\/p>\n<p><strong>FRANKLIN ALMEYDA RANCIER<\/strong><\/p>\n<\/p>\n<p>Un admirado amigo, economista y pasado director regional de un organismo internacional, aporta algunos datos que pueden servir de insumo para entender lo que ha venido ocurriendo en Chile y sus lecciones para la regi\u00f3n, en especial para nuestro pa\u00eds.<\/p>\n<\/p>\n<p>Nos dice, con breves palabras, que el origen se sit\u00faa en las acentuadas desigualdades en la sociedad chilena, pero nunca, destaca, tan desigual como lo es en la nuestra. Dice en lenguaje directo, \u00ablos ?patipelados? (as\u00ed llama la \u00e9lite gobernante chilena al pueblo) nuestros no son educados y no ejercen el derecho a la rebeli\u00f3n que les asiste. Pero yo le temo (agrega) a un estallido social, sobretodo por el ensimismamiento que est\u00e1 demostrando nuestra clase pol\u00edtica\u00bb.<\/p>\n<\/p>\n<p>El viernes la poblaci\u00f3n chilena se moviliz\u00f3, estim\u00e1ndose en los medios informativos poco interesados, en m\u00e1s de un mill\u00f3n de personas. Al t\u00e9rmino de aquella demostraci\u00f3n, los corresponsales de CNN hac\u00edan saber que no hubo discursos y liderazgo visible; a eso se suma que la convocatoria fue en las redes sociales y entre los diferentes sectores sociales participantes.<\/p>\n<\/p>\n<p>Chile, teniendo un \u00edndice de desarrollo mayor que muchos pa\u00edses del continente, se anticipa a exigir el ejercicio de sus derechos. Porque los conoce y la \u00e9lite gobernante no puede detener esa voluntad. Lo pod\u00edan hacer bajo el control de los medios tradicionales de la comunicaci\u00f3n, pero en esta era digital las redes han revertido los controles sociales.<\/p>\n<\/p>\n<p>La situaci\u00f3n chilena est\u00e1 llamada a complicarse, puesto que la presencia hostil de los carabineros es inaceptable en un pa\u00eds donde a\u00fan es fresca la amarga dictadura de Pinochet. Ha llamado la atenci\u00f3n que quien tiene la autoridad sobre los carabineros es el Ministro de Interior y Seguridad, Andr\u00e9s Chadwick, militar proveniente de la cercan\u00eda de Pinochet.<\/p>\n<\/p>\n<p>Por dem\u00e1s en Chile no hay vicepresidencia y la figura de segundo orden es ese Ministro de Interior y Seguridad, primo del Presidente Pi\u00f1eira. <\/p>\n<\/p>\n<p>Todo esto deja claro que en Chile, adem\u00e1s de la desigualdad y ser un pueblo educado consciente de sus derechos, a\u00fan respira el olor a azufre, el olor del diablo; el de la opresi\u00f3n. Cre\u00edan que viv\u00edan en plena democracia, hasta que  un grupo de estudiantes reclam\u00f3 por el aumento del pasaje en el metro.<\/p>\n<\/p>\n<p>Descubrieron que ah\u00ed estaba instalada la \u00e9lite gobernante, quien usar\u00eda a los carabineros para detener sus protestas, apoyados por bocinas continentales alegando saqueos animados por comunistas.<\/p>\n<\/p>\n<p>Lo que las fuerzas conservadoras del continente no preve\u00edan es que las redes sociales les ense\u00f1ar\u00edan al mundo a los excluidos de nuestros pa\u00edses.  Una parte migraron a pa\u00edses desarrollados por razones de sobrevivencia econ\u00f3mica, pero mantienen comunicaci\u00f3n directa en los medios digitales con sus familiares y el aprendizaje de c\u00f3mo se debe vivir.<\/p>\n<\/p>\n<p>A su vez las fuerzas progresistas no han sabido manejarse por atribuirse la representaci\u00f3n popular, sin considerar el manejo equilibrado de la econom\u00eda.<\/p>\n<\/p>\n<p>Si Chile es un anticip\u00f3, en nuestro pa\u00eds nos preparamos desde hace cierto tiempo porque se ve\u00eda venir el desplome de este gobierno, con la consecuencia de que a Leonel le habr\u00eda ocurrido tal como lo cuenta la f\u00e1bula del zapo y el  alacr\u00e1. A tiempo Leonel se sali\u00f3 debajo del alacr\u00e1n para crear una nueva fuerza, advirti\u00f3 que  el PLD, igual que ayer el PRD, hab\u00eda terminado su vida \u00fatil.<\/p>\n<\/p>\n<\/p>\n<p>. <\/p>\n<h6> 2019-10-28 01:21:48 <\/h6>\n<p><!--\n<link rel=\"stylesheet\" href=\"css\/bootstrap.min.css\">\n\n\n<ul class=\"pagination\">\n\t    \n\t\n\n<li >\n\t<a href='?page_no=464'>Previous<\/a>\n\t<\/li>\n\n\n       \n    \n\n<li><a href='?page_no=1'>1<\/a><\/li>\n\n\n\n<li><a href='?page_no=2'>2<\/a><\/li>\n\n\n\n<li><a>...<\/a><\/li>\n\n\n\n<li><a href='?page_no=463'>463<\/a><\/li>\n\n\n\n<li><a href='?page_no=464'>464<\/a><\/li>\n\n\n\n<li class='active'><a>465<\/a><\/li>\n\n\n\n<li><a href='?page_no=466'>466<\/a><\/li>\n\n\n\n<li><a href='?page_no=467'>467<\/a><\/li>\n\n\n\n<li><a>...<\/a><\/li>\n\n\n\n<li><a href='?page_no=13611'>13611<\/a><\/li>\n\n\n\n<li><a href='?page_no=13612'>13612<\/a><\/li>\n\n    \n\t\n\n<li >\n\t<a href='?page_no=466'>Next<\/a>\n\t<\/li>\n\n\n    \n\n<li><a href='?page_no=13612'>Last &rsaquo;&rsaquo;<\/a><\/li>\n\n<\/ul>\n\n\n--><br \/>\n<\/body><\/p>\n","protected":false},"excerpt":{"rendered":"<p>Diariodominicano.com FRANKLIN ALMEYDA RANCIER Un admirado amigo, economista y pasado director regional de un organismo internacional, aporta algunos datos que pueden servir de insumo para entender lo que ha venido ocurriendo en Chile y sus lecciones para la regi\u00f3n, en especial para nuestro pa\u00eds. Nos dice, con breves palabras, que el origen se sit\u00faa en [&hellip;]<\/p>\n","protected":false},"author":3,"featured_media":0,"comment_status":"open","ping_status":"open","sticky":false,"template":"","format":"standard","meta":{"footnotes":""},"categories":[16],"tags":[],"class_list":["post-41548","post","type-post","status-publish","format-standard","hentry","category-opiniones"],"_links":{"self":[{"href":"https:\/\/diariodominicano.com\/index.php?rest_route=\/wp\/v2\/posts\/41548","targetHints":{"allow":["GET"]}}],"collection":[{"href":"https:\/\/diariodominicano.com\/index.php?rest_route=\/wp\/v2\/posts"}],"about":[{"href":"https:\/\/diariodominicano.com\/index.php?rest_route=\/wp\/v2\/types\/post"}],"author":[{"embeddable":true,"href":"https:\/\/diariodominicano.com\/index.php?rest_route=\/wp\/v2\/users\/3"}],"replies":[{"embeddable":true,"href":"https:\/\/diariodominicano.com\/index.php?rest_route=%2Fwp%2Fv2%2Fcomments&post=41548"}],"version-history":[{"count":0,"href":"https:\/\/diariodominicano.com\/index.php?rest_route=\/wp\/v2\/posts\/41548\/revisions"}],"wp:attachment":[{"href":"https:\/\/diariodominicano.com\/index.php?rest_route=%2Fwp%2Fv2%2Fmedia&parent=41548"}],"wp:term":[{"taxonomy":"category","embeddable":true,"href":"https:\/\/diariodominicano.com\/index.php?rest_route=%2Fwp%2Fv2%2Fcategories&post=41548"},{"taxonomy":"post_tag","embeddable":true,"href":"https:\/\/diariodominicano.com\/index.php?rest_route=%2Fwp%2Fv2%2Ftags&post=41548"}],"curies":[{"name":"wp","href":"https:\/\/api.w.org\/{rel}","templated":true}]}}