{"id":41537,"date":"2019-10-30T00:45:15","date_gmt":"2019-10-30T00:45:15","guid":{"rendered":"http:\/\/diariodominicano.ddns.net\/?p=41537"},"modified":"2019-10-30T00:45:15","modified_gmt":"2019-10-30T00:45:15","slug":"a-pleno-solreflujo-politico","status":"publish","type":"post","link":"https:\/\/diariodominicano.com\/?p=41537","title":{"rendered":"&#13;&#13;A Pleno Sol&#13;&#13;Reflujo pol\u00edtico"},"content":{"rendered":"<p><body><\/p>\n<p><strong>Diariodominicano.com<\/strong><\/p>\n<p><strong>Por Manuel Hern\u00e1ndez Villeta<\/strong><\/p>\n<\/p>\n<\/p>\n<p>El reflujo pol\u00edtico lo que necesita es reorganizaci\u00f3n. Para los partidos pol\u00edticos dominicanos revitalizarse necesitan un par de meses. Ser\u00e1 en el mes de enero que se tendr\u00e1 una idea preliminar de c\u00f3mo est\u00e1n los frentes pol\u00edticos.<\/p>\n<\/p>\n<p>Es un absurdo presentar m\u00fasculos  ahora, cuando todav\u00eda los partidos est\u00e1n en la reorganizaci\u00f3n luego de la divisi\u00f3n y escoger candidatos presidenciales. Cualquier encuesta de estos momentos no responder\u00e1 a la verdad y la realidad.<\/p>\n<\/p>\n<p>El laborantismo pol\u00edtico tiene que pasar por una base de reorganizaci\u00f3n. Los grupos de Danilo, de Leonel y de Abinader,  no pueden ir a la batalla con el esquema anterior. Tienen que engrasar la maquinaria, y prepararse para una lucha sin cuartel a partir de enero.<\/p>\n<\/p>\n<p>Ya hay una gran realidad, y es el espejismo de la segunda vuelta electoral. A vista del d\u00eda de hoy, nadie conseguir\u00e1 fuerzas para ganar en la primera vuelta, y se tendr\u00e1 que ir a una segunda ronda electoral.<\/p>\n<\/p>\n<p>En el pasado, sin divisiones pero alejamientos, tanto Leonel como Danilo fueron ganadores  en la primera vuelta. Ahora tienen una realidad diferente, y para ser realistas en la pol\u00edtica tienen que comprenderlo, o correr el riesgo de ser barridos por los acontecimientos.<\/p>\n<\/p>\n<p>En este viento fr\u00edo  de peledeistas hay una nueva realidad, sobre la cual giraran  las elecciones. Van dos candidatos del PLD. El fuerte de Gonzalo Castillo es el equipo partidario de Danilo Medina, y uno de los m\u00fasculos de Leonel ser\u00e1 atraer la mayor cantidad de seguidores y simpatizantes del PLD. Danilo no ser\u00e1 candidato, y Leonel no tendr\u00e1 el PLD. No hay que tener lentes de aumentos  para darse cuenta que hay un hueco que rellenar y un nuevo escenario.<\/p>\n<\/p>\n<p>Lo ideal es que se vea con nueva \u00f3ptica   la pugna entre Danilo y Leonel. Su enfrentamiento en el PLD termin\u00f3 con la divisi\u00f3n, y all\u00ed debe concluir. La m\u00e1xima pol\u00edtica se tiene que respetar. No hay amigos ni enemigos, solo aliados circunstanciales. El amigo de hoy, puede ser el enemigo de ma\u00f1ana. Y el enemigo de ahora, puede ser el aliado del futuro.<\/p>\n<\/p>\n<p>En  una segunda ronda electoral, Danilo y Leonel se van a necesitar, de acuerdo a como sea el numero conseguido en la votaci\u00f3n popular. En el hipot\u00e9tico caso de que Leonel sea tercero en la boleta, tendr\u00e1 la capacidad de darle el triunfo a Gonzalo o a Abinader.<\/p>\n<\/p>\n<p>Si luego de la divisi\u00f3n no se aplica el olvido, borr\u00f3n y cuenta nueva a  las asperezas entre Danilo y Leonel, van a dejar cerrado el camino para un eventual entendimiento electoral en la segunda ronda del  20, y  quedar\u00e1  como opci\u00f3n que Leonel   si queda tercero  le d\u00e9 el triunfo a Abinader. Si Abinader queda tercero  apoyar\u00e1 al le\u00f3n. \u00bfY si Gonzalo queda tercero, que har\u00e1? \u00a1Ay!, se me acab\u00f3 la tinta.<\/p>\n<\/p>\n<h6> 2019-10-30 00:45:15 <\/h6>\n<p><!--\n<link rel=\"stylesheet\" href=\"css\/bootstrap.min.css\">\n\n\n<ul class=\"pagination\">\n\t    \n\t\n\n<li >\n\t<a href='?page_no=463'>Previous<\/a>\n\t<\/li>\n\n\n       \n    \n\n<li><a href='?page_no=1'>1<\/a><\/li>\n\n\n\n<li><a href='?page_no=2'>2<\/a><\/li>\n\n\n\n<li><a>...<\/a><\/li>\n\n\n\n<li><a href='?page_no=462'>462<\/a><\/li>\n\n\n\n<li><a href='?page_no=463'>463<\/a><\/li>\n\n\n\n<li class='active'><a>464<\/a><\/li>\n\n\n\n<li><a href='?page_no=465'>465<\/a><\/li>\n\n\n\n<li><a href='?page_no=466'>466<\/a><\/li>\n\n\n\n<li><a>...<\/a><\/li>\n\n\n\n<li><a href='?page_no=13611'>13611<\/a><\/li>\n\n\n\n<li><a href='?page_no=13612'>13612<\/a><\/li>\n\n    \n\t\n\n<li >\n\t<a href='?page_no=465'>Next<\/a>\n\t<\/li>\n\n\n    \n\n<li><a href='?page_no=13612'>Last &rsaquo;&rsaquo;<\/a><\/li>\n\n<\/ul>\n\n\n--><br \/>\n<\/body><\/p>\n","protected":false},"excerpt":{"rendered":"<p>Diariodominicano.com Por Manuel Hern\u00e1ndez Villeta El reflujo pol\u00edtico lo que necesita es reorganizaci\u00f3n. Para los partidos pol\u00edticos dominicanos revitalizarse necesitan un par de meses. Ser\u00e1 en el mes de enero que se tendr\u00e1 una idea preliminar de c\u00f3mo est\u00e1n los frentes pol\u00edticos. Es un absurdo presentar m\u00fasculos ahora, cuando todav\u00eda los partidos est\u00e1n en la [&hellip;]<\/p>\n","protected":false},"author":3,"featured_media":0,"comment_status":"open","ping_status":"open","sticky":false,"template":"","format":"standard","meta":{"footnotes":""},"categories":[16],"tags":[],"class_list":["post-41537","post","type-post","status-publish","format-standard","hentry","category-opiniones"],"_links":{"self":[{"href":"https:\/\/diariodominicano.com\/index.php?rest_route=\/wp\/v2\/posts\/41537","targetHints":{"allow":["GET"]}}],"collection":[{"href":"https:\/\/diariodominicano.com\/index.php?rest_route=\/wp\/v2\/posts"}],"about":[{"href":"https:\/\/diariodominicano.com\/index.php?rest_route=\/wp\/v2\/types\/post"}],"author":[{"embeddable":true,"href":"https:\/\/diariodominicano.com\/index.php?rest_route=\/wp\/v2\/users\/3"}],"replies":[{"embeddable":true,"href":"https:\/\/diariodominicano.com\/index.php?rest_route=%2Fwp%2Fv2%2Fcomments&post=41537"}],"version-history":[{"count":0,"href":"https:\/\/diariodominicano.com\/index.php?rest_route=\/wp\/v2\/posts\/41537\/revisions"}],"wp:attachment":[{"href":"https:\/\/diariodominicano.com\/index.php?rest_route=%2Fwp%2Fv2%2Fmedia&parent=41537"}],"wp:term":[{"taxonomy":"category","embeddable":true,"href":"https:\/\/diariodominicano.com\/index.php?rest_route=%2Fwp%2Fv2%2Fcategories&post=41537"},{"taxonomy":"post_tag","embeddable":true,"href":"https:\/\/diariodominicano.com\/index.php?rest_route=%2Fwp%2Fv2%2Ftags&post=41537"}],"curies":[{"name":"wp","href":"https:\/\/api.w.org\/{rel}","templated":true}]}}