{"id":415266,"date":"2023-02-07T13:00:23","date_gmt":"2023-02-07T17:00:23","guid":{"rendered":"http:\/\/diariodominicano.com\/?p=415266"},"modified":"2023-02-07T13:13:59","modified_gmt":"2023-02-07T17:13:59","slug":"alemanes-que-vinieron-a-rd-a-reclamar-herencia-dejada-por-su-abuelo-encuentran-que-una-mafia-se-habia-apoderado-de-sus-tierras-junto-a-falsos-tios","status":"publish","type":"post","link":"https:\/\/diariodominicano.com\/?p=415266","title":{"rendered":"Alemanes que vinieron a RD a reclamar herencia dejada por su abuelo, encuentran que una mafia se hab\u00eda apoderado de sus tierras, junto a falsos t\u00edos"},"content":{"rendered":"\n<p> Los alemanes pudieron percatarse de que la herencia que les pertenece de su abuelo, en lo que hoy es en  Punta Rucia y la Ensenada, en la Parcela No. 10-D, del D.C. 02,  hab\u00eda sido sustra\u00edda mediante la falsificaci\u00f3n de documentos en el Registro de T\u00edtulos de la Capital.<\/p>\n\n\n\n<p>Amadeo Peralta<\/p>\n\n\n\n<p>Estuvieron en el pa\u00eds el mes pasado, los se\u00f1ores Manfred L\u00f3pez-Marx y Carlos Enrique Francisco L\u00f3pez, quienes junto a sus familiares, se percataron de que el nombre de su abuelo Carlos L\u00f3pez Westen, sal\u00eda de manera reiterada en varios medios de prensa de la Republica Dominicana, en donde se mencionaba que sus propiedades hab\u00edan sido sustra\u00eddas del patrimonio de su abuelo mediante un fraude inmobiliario, por parte de unos falsos t\u00edos y que su extinto abuelo hab\u00eda fallecido&nbsp; en el a\u00f1o 1934, en una traves\u00eda en el mar, camino a Espa\u00f1a y que no hab\u00eda dejado descendientes lo que les sorprendi\u00f3 bastante, ya que eso es falso.<\/p>\n\n\n\n<figure class=\"wp-block-image size-full\"><img loading=\"lazy\" decoding=\"async\" width=\"620\" height=\"354\" src=\"https:\/\/diariodominicano.com\/wp-content\/uploads\/2023\/02\/image-4.png\" alt=\"\" class=\"wp-image-415275\" srcset=\"https:\/\/diariodominicano.com\/wp-content\/uploads\/2023\/02\/image-4.png 620w, https:\/\/diariodominicano.com\/wp-content\/uploads\/2023\/02\/image-4-300x171.png 300w\" sizes=\"auto, (max-width: 620px) 100vw, 620px\" \/><figcaption> Carlos L\u00f3pez Westen<\/figcaption><\/figure>\n\n\n\n<figure class=\"wp-block-image size-large\"><img loading=\"lazy\" decoding=\"async\" width=\"1024\" height=\"683\" src=\"https:\/\/diariodominicano.com\/wp-content\/uploads\/2023\/02\/Punta-Rucia-070-1024x683.png\" alt=\"\" class=\"wp-image-415284\" srcset=\"https:\/\/diariodominicano.com\/wp-content\/uploads\/2023\/02\/Punta-Rucia-070-1024x683.png 1024w, https:\/\/diariodominicano.com\/wp-content\/uploads\/2023\/02\/Punta-Rucia-070-300x200.png 300w, https:\/\/diariodominicano.com\/wp-content\/uploads\/2023\/02\/Punta-Rucia-070-768x512.png 768w, https:\/\/diariodominicano.com\/wp-content\/uploads\/2023\/02\/Punta-Rucia-070-1536x1024.png 1536w, https:\/\/diariodominicano.com\/wp-content\/uploads\/2023\/02\/Punta-Rucia-070-2048x1365.png 2048w, https:\/\/diariodominicano.com\/wp-content\/uploads\/2023\/02\/Punta-Rucia-070-816x544.png 816w\" sizes=\"auto, (max-width: 1024px) 100vw, 1024px\" \/><figcaption>Punta Rusia y la Ensenada<\/figcaption><\/figure>\n\n\n\n<p>Su sorpresa consist\u00eda en que sus falsos t\u00edos ocultaron que Carlos L\u00f3pez Westen, era un ciudadano dominicano que hab\u00eda nacido en la ciudad de Puerto Plata el 29 de Abril del a\u00f1o 1861 y a temprana edad emigro a Alemania, en donde en el a\u00f1o 1885, en la ciudad de Hamburgo, contrajo matrimonio con la se\u00f1ora Friederike Charlotte Mary Rohde, con quien procre\u00f3 cinco 5 hijos de nombres, Paulina Luisa Isabel L\u00f3pez; nacida en 1887 y fallecida en 1961; Blanca Emilia L\u00f3pez, nacida en 1889 y fallecida en 1969; Carmen Enriqueta L\u00f3pez, nacida en 1890 y fallecida en 1978; &nbsp;Carlos Jos\u00e9 Ernesto L\u00f3pez, nacido en 1898 y fallecido en 1976; Guillermina Dolores L\u00f3pez, nacida en 1899 y fallecida en 1980.<\/p>\n\n\n\n<p>Los alemanes vinieron al pa\u00eds y pudieron percatarse de que la herencia que les pertenece de su abuelo, en lo que hoy en Punta Rucia y la Ensenada, en la Parcela No. 10-D, del D.C. 02, del hab\u00eda sido sustra\u00edda mediante la falsificaci\u00f3n de documentos en el Registro de T\u00edtulos de la capital, por un abogado llamado Fernando Enrique Mej\u00eda Mendoza y hasta le falsificaron el acta de defunci\u00f3n estableciendo que este hab\u00eda fallecido en Neyba, cuando en realidad falleci\u00f3 en Hamburgo en 1926, intentando hacer creer que Carlos L\u00f3pez Westen, no dejo hijos y que por eso la herencia entonces era de sus *Supuestos y falsos hermanos; Jos\u00e9 L\u00f3pez Westen, Emilio L\u00f3pez Westen y Luis L\u00f3pez Westen y que Jos\u00e9 L\u00f3pez Westen, ten\u00eda unos hijos llamados, Carlos Antonio L\u00f3pez Acosta, Gustavo L\u00f3pez Acosta, Manuel Antonio L\u00f3pez Acosta, Idalia L\u00f3pez Acosta, Fernando Antonio L\u00f3pez Acosta y Jos\u00e9 Celestino L\u00f3pez Acosta, establecieron que Carlos Antonio L\u00f3pez Acosta, ten\u00eda unos hijos llamados, Rafael L\u00f3pez Ferm\u00edn; Elena Milagros L\u00f3pez Ferm\u00edn, Aridia L\u00f3pez Medina y H\u00e9ctor Emilio L\u00f3pez Medina, que Gustavo L\u00f3pez Acosta, ten\u00eda unos hijos llamados, Bertilia Rosa L\u00f3pez D\u00edaz y Gustavo L\u00f3pez D\u00edaz, que Manuel Antonio L\u00f3pez Acosta, ten\u00eda unos hijos llamados, Gustavo Antonio L\u00f3pez Acosta; Luis Mar\u00eda L\u00f3pez Acosta; y Salvador Antonio L\u00f3pez Acosta; as\u00ed como Ana Belkis L\u00f3pez Peralta; Nercy L\u00f3pez Peralta; Cesar Augusto L\u00f3pez Peralta; Jos\u00e9 Arismendy L\u00f3pez Peralta; Libio de Jes\u00fas L\u00f3pez Peralta; Merice Petronila L\u00f3pez Peralta; Miledys Altagracia L\u00f3pez Peralta; Aura Estela L\u00f3pez Peralta; Carmen Germania L\u00f3pez Peralta; Joselyn del Socorro L\u00f3pez Peralta; Nelson Antonio L\u00f3pez Peralta y Emilio Antonio L\u00f3pez Peralta; que Fernando Antonio L\u00f3pez Acosta, ten\u00eda unos hijos llamados, Fernando Antonio L\u00f3pez D\u00edaz; Jaime L\u00f3pez D\u00edaz; Luisa Altagracia L\u00f3pez D\u00edaz;&nbsp; Juan L\u00f3pez D\u00edaz; Argentina L\u00f3pez D\u00edaz; Ana Dilia L\u00f3pez D\u00edaz; Manuel Antonio L\u00f3pez D\u00edaz; Humilde L\u00f3pez D\u00edaz; Amparo Milagros L\u00f3pez D\u00edaz;&nbsp; Belarminio L\u00f3pez D\u00edaz;&nbsp; y&nbsp; Luis Emilio L\u00f3pez D\u00edaz; as\u00ed como Nelsa Mar\u00eda L\u00f3pez S\u00e1nchez; Fausto Arismendy L\u00f3pez S\u00e1nchez; Fernando Augusto L\u00f3pez S\u00e1nchez;&nbsp; Jos\u00e9 O. L\u00f3pez S\u00e1nchez; y que *Luis Emilio L\u00f3pez D\u00edaz, ten\u00eda unos hijos llamados Dulce Mercedes L\u00f3pez Mercedes; Altagracia de Jes\u00fas L\u00f3pez Mercedes y&nbsp; Luis L\u00f3pez Mercedes, que *Jos\u00e9 Celestino L\u00f3pez Acosta, ten\u00eda unos hijos llamados Agustina L\u00f3pez G\u00f3mez; Ram\u00f3n Edilio L\u00f3pez G\u00f3mez; Luz Alicia L\u00f3pez G\u00f3mez; Ana Mar\u00eda L\u00f3pez G\u00f3mez; Jos\u00e9 Mar\u00eda L\u00f3pez G\u00f3mez; Herminia L\u00f3pez G\u00f3mez; Elvira L\u00f3pez G\u00f3mez; Senovia L\u00f3pez G\u00f3mez;&nbsp; y Miguel&nbsp; L\u00f3pez G\u00f3mez;, que *.Emilio L\u00f3pez Westen ten\u00eda un hijo llamado Ismael L\u00f3pez Le\u00f3n, que Ismael L\u00f3pez Le\u00f3n, ten\u00eda unos hijos llamados Lidia Altagracia L\u00f3pez Guzm\u00e1n; Rafael Emilio L\u00f3pez Guzm\u00e1n; Ismael Emilio L\u00f3pez Guzm\u00e1n, que *Luis L\u00f3pez Westen, ten\u00eda unas hijas llamadas Alicia L\u00f3pez Mena y Rosa Elvira L\u00f3pez Mena, siendo todo eso falso, ya que los reclamantes establecen no conocer a ninguna de esas personas como familiares ni descendientes de Carlos L\u00f3pez Westen.<\/p>\n\n\n\n<p>Luego otra banda se invent\u00f3 un falso hijo en Imbert en Puerto Plata, a quien lo declararon en Neyba y le pusieron \u201cEduardo\u201d, utilizando un paquete de documentos falsos y una serie de artima\u00f1as jur\u00eddicas, pretend\u00edan apoderarse de la herencia de su abuelo de m\u00e1s de 2 millones de metros cuadrados de terrenos ubicados en las zonas tur\u00edsticos de Punta Rucia y Playa La Ensenada, del distrito municipal de Estero Hondo, municipio La Isabela, provincia Puerto Plata, quienes acaban de recibir un golpe contundente y demoledor, con la aparici\u00f3n de los reales herederos del leg\u00edtimo due\u00f1os de esas propiedades, el alem\u00e1n Carlos L\u00f3pez Westen, quienes residen en Alemania y se enteraron que su abuelo hab\u00eda sido el propietario a ra\u00edz de los esc\u00e1ndalos y las denuncias en donde lo mencionan, por lo que se presentaron en la Rep. Dom. y apoderaron una oficina de abogados para que reclame mediante una litis sobre derechos registrados, sus derechos como reales propietarios, mientras que establecen que todo el que haya comprado t\u00edtulos obtenidos de manera fraudulenta en la zona de Punta Rucia y la Ensenada, tendr\u00e1 que reclamarle a quienes los estafaron vendi\u00e9ndoles t\u00edtulos que provienen de un fraude y de la falsificacion de documentos para obtenerlos utilizando a numerosas personas, que se prestaron para&nbsp; hacerse pasar como herederos del alem\u00e1n, simulando que este ten\u00eda 3 hermanos, Luis, Jos\u00e9 y Emilio, L\u00f3pez Westen y a partir de estos falsearon todo y que una serie de personas de apellido L\u00f3pez proven\u00edan de esa familia, caso parecido al de la familia Rosario donde resultaron estafados cientos de personas.<\/p>\n\n\n\n<p>Por este caso se han generado una serie de denuncias y&nbsp; fue suspendido en funciones un agrimensor y se encuentran bajo investigaci\u00f3n varios alguaciles, abogados, policias y militares entre otras personas, envueltos en varios esc\u00e1ndalos por despojo de propiedades utilizando estos t\u00edtulos obtenidos de manera fraudulenta, por lo que les hacen un llamado a las autoridades judiciales a que le presten atenci\u00f3n a este caso.<\/p>\n\n\n\n<p>amadeo peralta<a target=\"_blank\" href=\"mailto:amadeoperalta@gmail.com\" rel=\"noreferrer noopener\">amadeoperalta@gmail.com<\/a><\/p>\n\n\n\n<p>amadeo peralta<a rel=\"noreferrer noopener\" target=\"_blank\" href=\"mailto:amadeoperalta@gmail.com\">amadeoperalta@gmail.co<\/a><\/p>\n","protected":false},"excerpt":{"rendered":"<p>Los alemanes pudieron percatarse de que la herencia que les pertenece de su abuelo, en lo que hoy es en Punta Rucia y la Ensenada, en la Parcela No. 10-D, del D.C. 02, hab\u00eda sido sustra\u00edda mediante la falsificaci\u00f3n de documentos en el Registro de T\u00edtulos de la Capital. Amadeo Peralta Estuvieron en el pa\u00eds [&hellip;]<\/p>\n","protected":false},"author":28,"featured_media":415283,"comment_status":"closed","ping_status":"","sticky":true,"template":"","format":"standard","meta":{"footnotes":""},"categories":[24,29,27],"tags":[],"class_list":["post-415266","post","type-post","status-publish","format-standard","has-post-thumbnail","hentry","category-justicia-y-derecho","category-policiasucesos","category-portada"],"_links":{"self":[{"href":"https:\/\/diariodominicano.com\/index.php?rest_route=\/wp\/v2\/posts\/415266","targetHints":{"allow":["GET"]}}],"collection":[{"href":"https:\/\/diariodominicano.com\/index.php?rest_route=\/wp\/v2\/posts"}],"about":[{"href":"https:\/\/diariodominicano.com\/index.php?rest_route=\/wp\/v2\/types\/post"}],"author":[{"embeddable":true,"href":"https:\/\/diariodominicano.com\/index.php?rest_route=\/wp\/v2\/users\/28"}],"replies":[{"embeddable":true,"href":"https:\/\/diariodominicano.com\/index.php?rest_route=%2Fwp%2Fv2%2Fcomments&post=415266"}],"version-history":[{"count":7,"href":"https:\/\/diariodominicano.com\/index.php?rest_route=\/wp\/v2\/posts\/415266\/revisions"}],"predecessor-version":[{"id":415287,"href":"https:\/\/diariodominicano.com\/index.php?rest_route=\/wp\/v2\/posts\/415266\/revisions\/415287"}],"wp:featuredmedia":[{"embeddable":true,"href":"https:\/\/diariodominicano.com\/index.php?rest_route=\/wp\/v2\/media\/415283"}],"wp:attachment":[{"href":"https:\/\/diariodominicano.com\/index.php?rest_route=%2Fwp%2Fv2%2Fmedia&parent=415266"}],"wp:term":[{"taxonomy":"category","embeddable":true,"href":"https:\/\/diariodominicano.com\/index.php?rest_route=%2Fwp%2Fv2%2Fcategories&post=415266"},{"taxonomy":"post_tag","embeddable":true,"href":"https:\/\/diariodominicano.com\/index.php?rest_route=%2Fwp%2Fv2%2Ftags&post=415266"}],"curies":[{"name":"wp","href":"https:\/\/api.w.org\/{rel}","templated":true}]}}