{"id":41526,"date":"2019-10-30T00:49:28","date_gmt":"2019-10-30T00:49:28","guid":{"rendered":"http:\/\/diariodominicano.ddns.net\/?p=41526"},"modified":"2019-10-30T00:49:28","modified_gmt":"2019-10-30T00:49:28","slug":"el-neoliberalismo-sigue-derribando-gobiernos","status":"publish","type":"post","link":"https:\/\/diariodominicano.com\/?p=41526","title":{"rendered":"El Neoliberalismo sigue derribando gobiernos"},"content":{"rendered":"<p><body><\/p>\n<p><strong>Diariodominicano.com<\/strong><\/p>\n<p><strong>Manuel D\u00edaz Aponte<\/strong><\/p>\n<\/p>\n<p>Si las econom\u00edas mundiales siguen creciendo, \u00bfPor qu\u00e9 hay tanta pobreza en este mundo? Es una pregunta que los organismos financieros no han querido responder.<\/p>\n<\/p>\n<p>Hablamos de cifras impresionantes, de avances tecnol\u00f3gicos, de la sociedad del conocimiento, de la reducci\u00f3n de la brecha digital, pero convivimos diariamente con dos mundos extremos: la pauperizaci\u00f3n de la mayor\u00eda poblacional y el 45% de la riqueza mundial en manos del 1% m\u00e1s rico del planeta.<\/p>\n<\/p>\n<p>La concentraci\u00f3n de la riqueza y el robo de los bienes p\u00fablicos llevar\u00e1n al abismo a una gran parte de la humanidad si no se adoptan medidas dr\u00e1sticas para evitarlo.<\/p>\n<\/p>\n<p>\u00bfQu\u00e9 esperamos para actuar? Los propios organismos financieros internacionales tienen que obligar a los gobiernos a parar la corrupci\u00f3n para que la gente no siga muriendo de hambre, para que los servicios hospitalarios sean eficientes y  que haya un mayor n\u00famero de centros escolares, de sistemas de agua potable y alcantarillado pluvial y sanitario.<\/p>\n<\/p>\n<p>El modelo econ\u00f3mico neoliberal prevaleciente en las \u00faltimas tres d\u00e9cadas est\u00e1 sacudiendo y en algunos casos sepultando las econom\u00edas de muchos pa\u00edses, siendo Chile y Argentina los m\u00e1s recientes.<\/p>\n<\/p>\n<p>La regi\u00f3n de Suram\u00e9rica ha sido afectada por acontecimientos pol\u00edticos y financieros que impactan m\u00e1s all\u00e1 de sus propios territorios.  <\/p>\n<\/p>\n<p>Ya no es tan solo Venezuela con su grave crisis pol\u00edtica y social la que acapara los principales titulares de los medios de comunicaci\u00f3n internacional, ahora, Ecuador, Brasil, Colombia, Argentina y Chile afrontan serias dificultades econ\u00f3micas y sociales generando manifestaciones con saldos de decenas de muertos y heridos.   <\/p>\n<\/p>\n<p>Ni hablar de las naciones de Centroam\u00e9rica y el Caribe, incluida Rep\u00fablica Dominicana, donde la tasa de desempleo entre los j\u00f3venes es de 30%, seg\u00fan investigaciones del Observatorio Pol\u00edtico Dominicano. Y ocupamos el noveno lugar en Am\u00e9rica Latina en tasa de desempleados con 5,5 por ciento, de acuerdo a estudios del Banco Interamericano de Desarrollo (BID).<\/p>\n<\/p>\n<p>Nuevo Modelo<\/p>\n<\/p>\n<p>La comunidad mundial tendr\u00e1 que aplicar otro modelo econ\u00f3mico que garantice el crecimiento de los aparatos productivos, la generaci\u00f3n de empleos y el derecho a la vida de una poblaci\u00f3n que no aguanta m\u00e1s el peso de los impuestos, los altos niveles de inflaci\u00f3n, la p\u00e9rdida del poder adquisitivo y las tarifas de los servicios p\u00fablicos.<\/p>\n<\/p>\n<p>La proletarizaci\u00f3n de la clase media va en aumento porque sus ingresos salariales ni siquiera les permiten las compras de los bienes esenciales para el hogar.<\/p>\n<\/p>\n<p>Es una situaci\u00f3n muy dram\u00e1tica que de seguir expandi\u00e9ndose ocasionar\u00eda una debacle en las tradicionales sociedades \u00abdemocr\u00e1ticas\u00bb de la regi\u00f3n.<\/p>\n<\/p>\n<p>Las pol\u00edticas de reajustes fiscales que el Fondo Monetario Internacional (FMI) pone como condici\u00f3n para proceder a otorgar pr\u00e9stamos a los pa\u00edses que as\u00ed lo solicitan est\u00e1 llevando a un callej\u00f3n sin salida y al estrangulamiento de amplios n\u00facleos poblacionales. <\/p>\n<\/p>\n<p>Al FMI se le culpa de la tragedia social que sacude a muchas naciones del mundo, pero igual responsabilidad tienen los pol\u00edticos depredadores que cargan con los recursos del erario p\u00fablico mientras la miseria se expande vertiginosamente poniendo en riesgo la estabilidad y la paz ciudadana.<\/p>\n<\/p>\n<p>El caso reciente de Chile y los resultados de las elecciones presidenciales de Argentina, donde el presidente Mauricio Macri (40,5%) fue destronado del poder perdiendo la reelecci\u00f3n del l\u00edder peronista Alberto Fern\u00e1ndez (48%).<\/p>\n<\/p>\n<p>\u00bfEl FMI es Culpable?<\/p>\n<\/p>\n<p>Los chilenos siguen protestando en las calles exigiendo la renuncia del presidente Sebasti\u00e1n Pi\u00f1era quien fue forzado a reestructurar su gabinete; dejar sin efecto la suspensi\u00f3n del subsidio a los combustibles y a propiciar aumentos salariales de los servidores del tren gubernamental.<\/p>\n<\/p>\n<p>En cambio, el gobernante argentino uno de los abanderados del neoliberalismo entregar\u00e1 la banda presidencial a Fern\u00e1ndez el 10 de diciembre pr\u00f3ximo dejando una econom\u00eda deteriorada con alt\u00edsimos niveles de inflaci\u00f3n y una disparidad del valor del d\u00f3lar ante el peso argentino.<\/p>\n<\/p>\n<p>La cotizaci\u00f3n del d\u00f3lar en Argentina se sit\u00faa entre 60 pesos por un d\u00f3lar, lo que ha disparado los precios de los productos b\u00e1sicos de consumo y de los servicios.<\/p>\n<\/p>\n<p>La nueva administraci\u00f3n de Alberto Fern\u00e1ndez tendr\u00e1 que lidiar con una realidad econ\u00f3mica y social muy dif\u00edcil que eventualmente podr\u00eda degenerar en protestas y paros laborales como lo ha vivido el gobierno de Mauricio Macri.    <\/p>\n<\/p>\n<p>El macrismo no pudo con la f\u00f3rmula Fern\u00e1ndez-Fern\u00e1ndez y no cabe duda que la influyente senadora y ahora vicepresidenta electa Cristina Fern\u00e1ndez, fue decisiva para que nuevamente el kirchnerismo retornara al poder en Argentina tras haberlo perdido en 2015 luego de dos mandatos consecutivos.<\/p>\n<\/p>\n<p>\u00bfQu\u00e9 pasar\u00e1 en lo inmediato con los casos judiciales pendientes de Cristina Fern\u00e1ndez de Kirchner? \u00bfHabr\u00e1 otra vez borr\u00f3n y cuenta nueva en Am\u00e9rica Latina?<\/p>\n<\/p>\n<p>La corriente neoliberal emergi\u00f3 entre las d\u00e9cadas del setenta y ochenta dentro de la nueva visi\u00f3n del capitalismo inspirada en el liberalismo cl\u00e1sico. Sus defensores respaldan una amplia liberaci\u00f3n de la econom\u00eda, el libre comercio y una dr\u00e1stica reducci\u00f3n del gasto p\u00fablico as\u00ed como la intervenci\u00f3n del Estado en la aplicaci\u00f3n de un modelo de protecci\u00f3n a las inversiones privadas.   <\/p>\n<\/p>\n<p>Ahora bien, lo trascendental para la vida de los ciudadanos de los territorios tercermundistas es si ciertamente tendr\u00e1n derecho a seguir aspirando vivir en un mundo cada vez m\u00e1s individualizado donde la solidaridad ha sido lanzada al zafac\u00f3n de la historia. Y peor a\u00fan, en el que ese reinado de la pol\u00edtica neoliberal nos conduce a pensar que lo \u00fanico que vale en este mundo es acumular dinero y m\u00e1s dinero a costa de llevar al cementerio a millares de indefensos ciudadanos alrededor del planeta.<\/p>\n<\/p>\n<p>Art\u00edculo de Manuel D\u00edaz Aponte   <\/p>\n<\/p>\n<p>&#8230;<\/p>\n<h6> 2019-10-30 00:49:28 <\/h6>\n<p><!--\n<link rel=\"stylesheet\" href=\"css\/bootstrap.min.css\">\n\n\n<ul class=\"pagination\">\n\t    \n\t\n\n<li >\n\t<a href='?page_no=462'>Previous<\/a>\n\t<\/li>\n\n\n       \n    \n\n<li><a href='?page_no=1'>1<\/a><\/li>\n\n\n\n<li><a href='?page_no=2'>2<\/a><\/li>\n\n\n\n<li><a>...<\/a><\/li>\n\n\n\n<li><a href='?page_no=461'>461<\/a><\/li>\n\n\n\n<li><a href='?page_no=462'>462<\/a><\/li>\n\n\n\n<li class='active'><a>463<\/a><\/li>\n\n\n\n<li><a href='?page_no=464'>464<\/a><\/li>\n\n\n\n<li><a href='?page_no=465'>465<\/a><\/li>\n\n\n\n<li><a>...<\/a><\/li>\n\n\n\n<li><a href='?page_no=13611'>13611<\/a><\/li>\n\n\n\n<li><a href='?page_no=13612'>13612<\/a><\/li>\n\n    \n\t\n\n<li >\n\t<a href='?page_no=464'>Next<\/a>\n\t<\/li>\n\n\n    \n\n<li><a href='?page_no=13612'>Last &rsaquo;&rsaquo;<\/a><\/li>\n\n<\/ul>\n\n\n--><br \/>\n<\/body><\/p>\n","protected":false},"excerpt":{"rendered":"<p>Diariodominicano.com Manuel D\u00edaz Aponte Si las econom\u00edas mundiales siguen creciendo, \u00bfPor qu\u00e9 hay tanta pobreza en este mundo? Es una pregunta que los organismos financieros no han querido responder. Hablamos de cifras impresionantes, de avances tecnol\u00f3gicos, de la sociedad del conocimiento, de la reducci\u00f3n de la brecha digital, pero convivimos diariamente con dos mundos extremos: [&hellip;]<\/p>\n","protected":false},"author":3,"featured_media":0,"comment_status":"open","ping_status":"open","sticky":false,"template":"","format":"standard","meta":{"footnotes":""},"categories":[16],"tags":[],"class_list":["post-41526","post","type-post","status-publish","format-standard","hentry","category-opiniones"],"_links":{"self":[{"href":"https:\/\/diariodominicano.com\/index.php?rest_route=\/wp\/v2\/posts\/41526","targetHints":{"allow":["GET"]}}],"collection":[{"href":"https:\/\/diariodominicano.com\/index.php?rest_route=\/wp\/v2\/posts"}],"about":[{"href":"https:\/\/diariodominicano.com\/index.php?rest_route=\/wp\/v2\/types\/post"}],"author":[{"embeddable":true,"href":"https:\/\/diariodominicano.com\/index.php?rest_route=\/wp\/v2\/users\/3"}],"replies":[{"embeddable":true,"href":"https:\/\/diariodominicano.com\/index.php?rest_route=%2Fwp%2Fv2%2Fcomments&post=41526"}],"version-history":[{"count":0,"href":"https:\/\/diariodominicano.com\/index.php?rest_route=\/wp\/v2\/posts\/41526\/revisions"}],"wp:attachment":[{"href":"https:\/\/diariodominicano.com\/index.php?rest_route=%2Fwp%2Fv2%2Fmedia&parent=41526"}],"wp:term":[{"taxonomy":"category","embeddable":true,"href":"https:\/\/diariodominicano.com\/index.php?rest_route=%2Fwp%2Fv2%2Fcategories&post=41526"},{"taxonomy":"post_tag","embeddable":true,"href":"https:\/\/diariodominicano.com\/index.php?rest_route=%2Fwp%2Fv2%2Ftags&post=41526"}],"curies":[{"name":"wp","href":"https:\/\/api.w.org\/{rel}","templated":true}]}}