{"id":415211,"date":"2023-02-07T08:36:25","date_gmt":"2023-02-07T12:36:25","guid":{"rendered":"http:\/\/diariodominicano.com\/?p=415211"},"modified":"2023-02-07T08:36:25","modified_gmt":"2023-02-07T12:36:25","slug":"hoy-se-celebra-pontificado-del-papa-pio-ix-quien-enfrento-ideologias-de-estados-laicos","status":"publish","type":"post","link":"https:\/\/diariodominicano.com\/?p=415211","title":{"rendered":"Hoy se celebra pontificado del Papa P\u00edo IX, quien enfrento ideolog\u00edas de Estados laicos"},"content":{"rendered":"\n<p>Abel Camasca\u00a0, \u00a0ACI Prensa<\/p>\n\n\n\n<p>Vaticano, 7 de febrero, 2023.-  En el pontificado del Beato P\u00edo IX (1846-1878), cuya fiesta se celebra cada 7 de febrero, las ideolog\u00edas e intereses pol\u00edtico-militares en Europa hicieron que el Papa viviera una \u00e9poca de radicales cambios que lo obligaron incluso a escapar de Roma para salvar su vida.<\/p>\n\n\n\n<p>Las ideas anticlericales, liberales y que consideraban a las regiones de Italia como una sola naci\u00f3n cobraban m\u00e1s fuerza.&nbsp;<\/p>\n\n\n\n<p>En el Piamonte (al norte), por ejemplo, se suprimieron monasterios, las \u00f3rdenes religiosas fueron expulsadas y varios obispos fueron arrestados. En otros gobiernos europeos los concordatos (acuerdos con el papado) fueron abolidos.<\/p>\n\n\n\n<p>En 1848, el Papa nombr\u00f3 como primer ministro de los Estados Pontificios al laico y economista Pellegrino Rossi, quien fue asesinado. Adem\u00e1s, los revolucionarios realizaron disparos contra el entonces Palacio Papal del Quirinal en Roma, matando al secretario personal del Papa.&nbsp;<\/p>\n\n\n\n<p>P\u00edo IX decidi\u00f3 huir disfrazado y se fue hasta Gaeta, al sur de Roma. Retorn\u00f3 en 1850 con ayuda de algunos pr\u00edncipes cat\u00f3licos e intervenci\u00f3n francesa. No obstante, perdi\u00f3 los Estados Pontificios y su autonom\u00eda y libertad se vieron amenazadas, por lo que se proclam\u00f3 \u201cprisionero\u201d.&nbsp;<\/p>\n\n\n\n<p>Durante su misi\u00f3n al servicio de la Iglesia, convoc\u00f3 al Concilio Vaticano I, en el que se busc\u00f3 defender la fe y contrarrestar los errores del racionalismo, el materialismo y los ate\u00edsmos modernos.<\/p>\n\n\n\n<p>De acuerdo a\u00a0<a href=\"https:\/\/www.vaticannews.va\/es\/santos\/02\/07\/b--pio-ix--papa.html\">Vatican News<\/a>, el hoy beato sol\u00eda rezar la siguiente oraci\u00f3n \u201ccontra el error\u201d:Dulc\u00edsimo Jes\u00fas, nuestro Divino Maestro,\u00a0T\u00fa que siempre hiciste vanas las infames artima\u00f1as de los fariseos\u00a0<\/p>\n\n\n\n<p>con las que a menudo te asaltaban,\u00a0destruye las tramas de los malvados y de todos aquellos que\u00a0en la mezquindad de sus almas buscan seducir\u00a0<\/p>\n\n\n\n<p>y abrumar a Tu pueblo con sus falsas sutilezas.\u00a0Ilum\u00ednanos a todos, tus disc\u00edpulos, con la luz de tu gracia,\u00a0para que no nos corrompamos con la astucia de los sabios de este mundo.\u00a0Sabios que esparcen por todas partes sus errores, sus malvados sofismas;\u00a0<\/p>\n\n\n\n<p>para arrastrarnos tambi\u00e9n a nosotros a su abismo.\u00a0Conc\u00e9denos la luz de la fe tan fuerte\u00a0como para desenmascarar las trampas de los malvados,\u00a0para creer firmemente en los dogmas de tu Iglesia,\u00a0<\/p>\n\n\n\n<p>y para rechazar con constancia las m\u00e1ximas enga\u00f1osas.<\/p>\n\n\n\n<p><\/p>\n","protected":false},"excerpt":{"rendered":"<p>Abel Camasca\u00a0, \u00a0ACI Prensa Vaticano, 7 de febrero, 2023.- En el pontificado del Beato P\u00edo IX (1846-1878), cuya fiesta se celebra cada 7 de febrero, las ideolog\u00edas e intereses pol\u00edtico-militares en Europa hicieron que el Papa viviera una \u00e9poca de radicales cambios que lo obligaron incluso a escapar de Roma para salvar su vida. Las [&hellip;]<\/p>\n","protected":false},"author":5,"featured_media":415212,"comment_status":"closed","ping_status":"","sticky":true,"template":"","format":"standard","meta":{"footnotes":""},"categories":[23,27],"tags":[],"class_list":["post-415211","post","type-post","status-publish","format-standard","has-post-thumbnail","hentry","category-internacional","category-portada"],"_links":{"self":[{"href":"https:\/\/diariodominicano.com\/index.php?rest_route=\/wp\/v2\/posts\/415211","targetHints":{"allow":["GET"]}}],"collection":[{"href":"https:\/\/diariodominicano.com\/index.php?rest_route=\/wp\/v2\/posts"}],"about":[{"href":"https:\/\/diariodominicano.com\/index.php?rest_route=\/wp\/v2\/types\/post"}],"author":[{"embeddable":true,"href":"https:\/\/diariodominicano.com\/index.php?rest_route=\/wp\/v2\/users\/5"}],"replies":[{"embeddable":true,"href":"https:\/\/diariodominicano.com\/index.php?rest_route=%2Fwp%2Fv2%2Fcomments&post=415211"}],"version-history":[{"count":1,"href":"https:\/\/diariodominicano.com\/index.php?rest_route=\/wp\/v2\/posts\/415211\/revisions"}],"predecessor-version":[{"id":415213,"href":"https:\/\/diariodominicano.com\/index.php?rest_route=\/wp\/v2\/posts\/415211\/revisions\/415213"}],"wp:featuredmedia":[{"embeddable":true,"href":"https:\/\/diariodominicano.com\/index.php?rest_route=\/wp\/v2\/media\/415212"}],"wp:attachment":[{"href":"https:\/\/diariodominicano.com\/index.php?rest_route=%2Fwp%2Fv2%2Fmedia&parent=415211"}],"wp:term":[{"taxonomy":"category","embeddable":true,"href":"https:\/\/diariodominicano.com\/index.php?rest_route=%2Fwp%2Fv2%2Fcategories&post=415211"},{"taxonomy":"post_tag","embeddable":true,"href":"https:\/\/diariodominicano.com\/index.php?rest_route=%2Fwp%2Fv2%2Ftags&post=415211"}],"curies":[{"name":"wp","href":"https:\/\/api.w.org\/{rel}","templated":true}]}}